{"id":39899,"date":"2020-06-12T09:16:49","date_gmt":"2020-06-12T12:16:49","guid":{"rendered":"https:\/\/sindenfermeiro.com.br\/?p=39899"},"modified":"2026-04-26T23:15:50","modified_gmt":"2026-04-27T02:15:50","slug":"forum-de-mulheres-do-df-e-entorno-cobram-do-gdf-medidas-efetivas-de-prevencao-e-combate-a-violencia-de-genero","status":"publish","type":"post","link":"https:\/\/sindenfermeiro.com.br\/index.php\/2020\/06\/12\/forum-de-mulheres-do-df-e-entorno-cobram-do-gdf-medidas-efetivas-de-prevencao-e-combate-a-violencia-de-genero\/","title":{"rendered":"F\u00f3rum de Mulheres do DF e Entorno cobram do GDF medidas efetivas de preven\u00e7\u00e3o e combate \u00e0 viol\u00eancia de g\u00eanero"},"content":{"rendered":"<p>&nbsp;<\/p>\n<p><img loading=\"lazy\" decoding=\"async\" class=\"size-medium wp-image-39901 aligncenter\" src=\"https:\/\/sindenfermeiro.com.br\/wp-content\/uploads\/2020\/06\/WhatsApp-Image-2020-06-10-at-15.00.26-300x200.jpeg\" alt=\"\" width=\"300\" height=\"200\" srcset=\"https:\/\/sindenfermeiro.com.br\/wp-content\/uploads\/2020\/06\/WhatsApp-Image-2020-06-10-at-15.00.26-300x200.jpeg 300w, https:\/\/sindenfermeiro.com.br\/wp-content\/uploads\/2020\/06\/WhatsApp-Image-2020-06-10-at-15.00.26-1024x682.jpeg 1024w, https:\/\/sindenfermeiro.com.br\/wp-content\/uploads\/2020\/06\/WhatsApp-Image-2020-06-10-at-15.00.26-768x512.jpeg 768w, https:\/\/sindenfermeiro.com.br\/wp-content\/uploads\/2020\/06\/WhatsApp-Image-2020-06-10-at-15.00.26.jpeg 1280w\" sizes=\"auto, (max-width: 300px) 100vw, 300px\" \/><\/p>\n<p style=\"text-align: center\"><span style=\"font-size: 8pt\">Foto: Scarlett Rocha<\/span><\/p>\n<p style=\"text-align: justify\">O F\u00f3rum de Mulheres do Distrito Federal e Entorno \u2013 movimento que re\u00fane mulheres de diversas entidades &#8211; encaminhou na manh\u00e3 desta quarta-feira (10) uma carta ao governador do Distrito Federal, Ibaneis Rocha, e \u00e0 secret\u00e1ria da Mulher, Ericka Filippelli, cobrando pol\u00edticas p\u00fablicas de assist\u00eancia \u00e0 mulheres, de forma especial para as que est\u00e3o em situa\u00e7\u00e3o de vulnerabilidade e viol\u00eancia.<\/p>\n<p style=\"text-align: justify\">O documento foi assinado por mais de 38 entidades, entre elas o SindEnfermeiro-DF, e denuncia o aparelhamento da Secretaria da Mulher e o desrespeito \u00e0 Lei Org\u00e2nica do DF, que prev\u00ea que metade dos cargos comissionados do \u00f3rg\u00e3o devem ser ocupados por servidores de carreira. Al\u00e9m disso, a carta aponta irregularidades no atendimento apontadas pelo Minist\u00e9rio P\u00fablico do DF e Territ\u00f3rios (MPDFT), falta de estrutura no apoio \u00e0s v\u00edtimas de viol\u00eancia e Equipamentos de Prote\u00e7\u00e3o Individual (EPIs) insuficientes para servidores e cidad\u00e3s, durante o per\u00edodo de pandemia.<\/p>\n<p style=\"text-align: justify\">As entidades alertam, ainda, para o alto \u00edndice de viol\u00eancia dom\u00e9stica e sexual contra mulheres \u2013 cis e transg\u00eaneras \u2013, que \u00e9 ampliado pela aus\u00eancia de pol\u00edticas voltadas para a preven\u00e7\u00e3o. De acordo com as signat\u00e1rias, dos seis Centros Especializados de Atendimento \u00e0 Mulher (CEAMs) que existiam no DF em 2016, apenas tr\u00eas funcionam hoje. A Casa Abrigo, por sua vez, segue com apenas 35 vagas de acolhimento, apesar da previs\u00e3o or\u00e7ament\u00e1ria para sua expans\u00e3o.<\/p>\n<p style=\"text-align: justify\">Voc\u00ea pode conferir a carta completa no link abaixo:<br \/>\nhttps:\/\/bit.ly\/2YqjjHb<\/p>\n","protected":false},"excerpt":{"rendered":"<p>&nbsp; Foto: Scarlett Rocha O F\u00f3rum de Mulheres do Distrito Federal e Entorno \u2013 movimento que re\u00fane mulheres de diversas entidades &#8211; encaminhou na manh\u00e3 desta quarta-feira (10) uma carta ao governador do Distrito Federal, Ibaneis Rocha, e \u00e0 secret\u00e1ria da Mulher, Ericka Filippelli, cobrando pol\u00edticas p\u00fablicas de assist\u00eancia \u00e0 mulheres, de forma especial para [&hellip;]<\/p>\n","protected":false},"author":6,"featured_media":39901,"comment_status":"open","ping_status":"open","sticky":false,"template":"","format":"standard","meta":{"footnotes":""},"categories":[6,13,5],"tags":[],"class_list":["post-39899","post","type-post","status-publish","format-standard","has-post-thumbnail","hentry","category-noticias","category-rede-privada","category-rede-publica"],"_links":{"self":[{"href":"https:\/\/sindenfermeiro.com.br\/index.php\/wp-json\/wp\/v2\/posts\/39899","targetHints":{"allow":["GET"]}}],"collection":[{"href":"https:\/\/sindenfermeiro.com.br\/index.php\/wp-json\/wp\/v2\/posts"}],"about":[{"href":"https:\/\/sindenfermeiro.com.br\/index.php\/wp-json\/wp\/v2\/types\/post"}],"author":[{"embeddable":true,"href":"https:\/\/sindenfermeiro.com.br\/index.php\/wp-json\/wp\/v2\/users\/6"}],"replies":[{"embeddable":true,"href":"https:\/\/sindenfermeiro.com.br\/index.php\/wp-json\/wp\/v2\/comments?post=39899"}],"version-history":[{"count":3,"href":"https:\/\/sindenfermeiro.com.br\/index.php\/wp-json\/wp\/v2\/posts\/39899\/revisions"}],"predecessor-version":[{"id":39906,"href":"https:\/\/sindenfermeiro.com.br\/index.php\/wp-json\/wp\/v2\/posts\/39899\/revisions\/39906"}],"wp:featuredmedia":[{"embeddable":true,"href":"https:\/\/sindenfermeiro.com.br\/index.php\/wp-json\/wp\/v2\/media\/39901"}],"wp:attachment":[{"href":"https:\/\/sindenfermeiro.com.br\/index.php\/wp-json\/wp\/v2\/media?parent=39899"}],"wp:term":[{"taxonomy":"category","embeddable":true,"href":"https:\/\/sindenfermeiro.com.br\/index.php\/wp-json\/wp\/v2\/categories?post=39899"},{"taxonomy":"post_tag","embeddable":true,"href":"https:\/\/sindenfermeiro.com.br\/index.php\/wp-json\/wp\/v2\/tags?post=39899"}],"curies":[{"name":"wp","href":"https:\/\/api.w.org\/{rel}","templated":true}]}}