{"id":39894,"date":"2020-06-10T12:49:27","date_gmt":"2020-06-10T15:49:27","guid":{"rendered":"https:\/\/sindenfermeiro.com.br\/?p=39894"},"modified":"2026-04-26T23:16:25","modified_gmt":"2026-04-27T02:16:25","slug":"lei-que-garante-passe-livre-para-profissionais-da-saude-e-suspensa","status":"publish","type":"post","link":"https:\/\/sindenfermeiro.com.br\/index.php\/2020\/06\/10\/lei-que-garante-passe-livre-para-profissionais-da-saude-e-suspensa\/","title":{"rendered":"Lei que garante passe livre para profissionais da sa\u00fade \u00e9 suspensa"},"content":{"rendered":"<p><img loading=\"lazy\" decoding=\"async\" class=\"size-medium wp-image-39896 aligncenter\" src=\"https:\/\/sindenfermeiro.com.br\/wp-content\/uploads\/2020\/06\/Sem-T\u00edtulo-1-300x169.jpg\" alt=\"\" width=\"300\" height=\"169\" srcset=\"https:\/\/sindenfermeiro.com.br\/wp-content\/uploads\/2020\/06\/Sem-T\u00edtulo-1-300x169.jpg 300w, https:\/\/sindenfermeiro.com.br\/wp-content\/uploads\/2020\/06\/Sem-T\u00edtulo-1-1024x576.jpg 1024w, https:\/\/sindenfermeiro.com.br\/wp-content\/uploads\/2020\/06\/Sem-T\u00edtulo-1-768x432.jpg 768w, https:\/\/sindenfermeiro.com.br\/wp-content\/uploads\/2020\/06\/Sem-T\u00edtulo-1.jpg 1280w\" sizes=\"auto, (max-width: 300px) 100vw, 300px\" \/><\/p>\n<p style=\"text-align: center\"><span style=\"font-size: 8pt\">Foto do site: Di\u00e1rio do Poder<\/span><\/p>\n<p>&nbsp;<\/p>\n<p style=\"text-align: justify\">O secret\u00e1rio de Transportes e Mobilidade Urbana do Distrito Federal, Valter Casimiro, solicitou na tarde de ontem (09) a suspens\u00e3o da Lei 6584\/2020 \u2013 de autoria do deputado distrital Reginaldo Veras\u2013 que previa a gratuidade no servi\u00e7o de transporte p\u00fablico para os profissionais da sa\u00fade que atuam na linha de frente contra o coronav\u00edrus.<\/p>\n<p style=\"text-align: justify\">Um dos pontos que foram apontados para a suspens\u00e3o, segundo informa\u00e7\u00f5es do deputado distrital Jorge Vianna (Podemos), diz respeito \u00e0 aus\u00eancia de um protocolo para fiscalizar o cumprimento da medida. Al\u00e9m disso, as empresas de transporte p\u00fablico alegam que, desde que a lei passou a valer, muitos passageiros tentaram embarcar nos ve\u00edculos sem cumprir os requisitos para a gratuidade, inclusive apresentando documentos falsificados.<\/p>\n<p style=\"text-align: justify\">A Secretaria de Mobilidade Urbana (SEMOB) est\u00e1 discutindo junto \u00e0 Secretaria de Sa\u00fade (SES-DF) para avaliar uma padroniza\u00e7\u00e3o na identifica\u00e7\u00e3o dos profissionais que t\u00eam direito ao passe livre \u2013 como selos ou crach\u00e1s de identifica\u00e7\u00e3o espec\u00edficos.<\/p>\n<p style=\"text-align: justify\"><strong>Gratuidade em marcha lenta<\/strong><\/p>\n<p style=\"text-align: justify\">A medida, que entrou em vigor no \u00faltimo dia 04 de junho, foi alvo de diversas den\u00fancias e reclama\u00e7\u00f5es por parte dos trabalhadores que tinham direito ao passe livre, que afirmaram o descumprimento da norma por parte das empresas de \u00f4nibus, mesmo com a apresenta\u00e7\u00e3o da identidade funcional exigida.<\/p>\n<p style=\"text-align: justify\">Essa n\u00e3o \u00e9 a primeira vez que a lei passa por dificuldades. O primeiro texto foi aprovado em sess\u00e3o remota pela C\u00e2mara Legislativa do DF (CLDF) em abril, mas havia sido vetado em sua totalidade pelo governador Ibaneis Rocha (MDB). Na ocasi\u00e3o, o Legislativo rejeitou o veto e reencaminhou para a san\u00e7\u00e3o do Executivo.<\/p>\n","protected":false},"excerpt":{"rendered":"<p>Foto do site: Di\u00e1rio do Poder &nbsp; O secret\u00e1rio de Transportes e Mobilidade Urbana do Distrito Federal, Valter Casimiro, solicitou na tarde de ontem (09) a suspens\u00e3o da Lei 6584\/2020 \u2013 de autoria do deputado distrital Reginaldo Veras\u2013 que previa a gratuidade no servi\u00e7o de transporte p\u00fablico para os profissionais da sa\u00fade que atuam na [&hellip;]<\/p>\n","protected":false},"author":6,"featured_media":39896,"comment_status":"open","ping_status":"open","sticky":false,"template":"","format":"standard","meta":{"footnotes":""},"categories":[6,13,5],"tags":[7,552,56],"class_list":["post-39894","post","type-post","status-publish","format-standard","has-post-thumbnail","hentry","category-noticias","category-rede-privada","category-rede-publica","tag-enfermagem","tag-passe-livre","tag-sindicato"],"_links":{"self":[{"href":"https:\/\/sindenfermeiro.com.br\/index.php\/wp-json\/wp\/v2\/posts\/39894","targetHints":{"allow":["GET"]}}],"collection":[{"href":"https:\/\/sindenfermeiro.com.br\/index.php\/wp-json\/wp\/v2\/posts"}],"about":[{"href":"https:\/\/sindenfermeiro.com.br\/index.php\/wp-json\/wp\/v2\/types\/post"}],"author":[{"embeddable":true,"href":"https:\/\/sindenfermeiro.com.br\/index.php\/wp-json\/wp\/v2\/users\/6"}],"replies":[{"embeddable":true,"href":"https:\/\/sindenfermeiro.com.br\/index.php\/wp-json\/wp\/v2\/comments?post=39894"}],"version-history":[{"count":3,"href":"https:\/\/sindenfermeiro.com.br\/index.php\/wp-json\/wp\/v2\/posts\/39894\/revisions"}],"predecessor-version":[{"id":39898,"href":"https:\/\/sindenfermeiro.com.br\/index.php\/wp-json\/wp\/v2\/posts\/39894\/revisions\/39898"}],"wp:featuredmedia":[{"embeddable":true,"href":"https:\/\/sindenfermeiro.com.br\/index.php\/wp-json\/wp\/v2\/media\/39896"}],"wp:attachment":[{"href":"https:\/\/sindenfermeiro.com.br\/index.php\/wp-json\/wp\/v2\/media?parent=39894"}],"wp:term":[{"taxonomy":"category","embeddable":true,"href":"https:\/\/sindenfermeiro.com.br\/index.php\/wp-json\/wp\/v2\/categories?post=39894"},{"taxonomy":"post_tag","embeddable":true,"href":"https:\/\/sindenfermeiro.com.br\/index.php\/wp-json\/wp\/v2\/tags?post=39894"}],"curies":[{"name":"wp","href":"https:\/\/api.w.org\/{rel}","templated":true}]}}