{"id":39878,"date":"2020-06-08T10:28:32","date_gmt":"2020-06-08T13:28:32","guid":{"rendered":"https:\/\/sindenfermeiro.com.br\/?p=39878"},"modified":"2026-04-26T22:02:41","modified_gmt":"2026-04-27T01:02:41","slug":"profissionais-da-saude-participam-de-ato-em-defesa-da-democracia","status":"publish","type":"post","link":"https:\/\/sindenfermeiro.com.br\/index.php\/2020\/06\/08\/profissionais-da-saude-participam-de-ato-em-defesa-da-democracia\/","title":{"rendered":"Profissionais da sa\u00fade participam de Ato em Defesa da Democracia"},"content":{"rendered":"<style type=\"text\/css\">\n#foogallery-gallery-39883 .fg-image { width: 640px; }<\/style>\n\t\t\t<div class=\"foogallery foogallery-container foogallery-image-viewer foogallery-link-image foogallery-lightbox-none fg-center fg-image-viewer fg-ready fg-light fg-border-thin fg-shadow-outline fg-loading-default fg-loaded-fade-in fg-caption-hover fg-hover-fade fg-hover-zoom\" id=\"foogallery-gallery-39883\" data-foogallery=\"{&quot;item&quot;:{&quot;showCaptionTitle&quot;:true,&quot;showCaptionDescription&quot;:true},&quot;lazy&quot;:true,&quot;template&quot;:{&quot;loop&quot;:true}}\" style=\"--fg-title-line-clamp: 0; --fg-description-line-clamp: 0;\" >\n\t<div class=\"fiv-inner\">\n\t\t<div class=\"fiv-inner-container\">\n\t\t\t<div class=\"fg-item fg-type-image fg-idle\"><figure class=\"fg-item-inner\"><a href=\"https:\/\/sindenfermeiro.com.br\/wp-content\/uploads\/2020\/06\/WhatsApp-Image-2020-06-08-at-09.21.55.jpeg\" data-attachment-id=\"39884\" data-type=\"image\" class=\"fg-thumb\"><span class=\"fg-image-wrap\"><img fetchpriority=\"high\" decoding=\"async\" width=\"640\" height=\"360\" class=\"skip-lazy fg-image\" data-src-fg=\"https:\/\/sindenfermeiro.com.br\/wp-content\/uploads\/cache\/2020\/06\/WhatsApp-Image-2020-06-08-at-09_21_55\/3627047717.jpeg\" src=\"data:image\/svg+xml,%3Csvg%20xmlns%3D%22http%3A%2F%2Fwww.w3.org%2F2000%2Fsvg%22%20width%3D%22640%22%20height%3D%22360%22%20viewBox%3D%220%200%20640%20360%22%3E%3C%2Fsvg%3E\" loading=\"eager\"><\/span><span class=\"fg-image-overlay\"><\/span><\/a><\/figure><div class=\"fg-loader\"><\/div><\/div><div class=\"fg-item fg-type-image fg-idle\"><figure class=\"fg-item-inner\"><a href=\"https:\/\/sindenfermeiro.com.br\/wp-content\/uploads\/2020\/06\/WhatsApp-Image-2020-06-08-at-09.21.56.jpeg\" data-attachment-id=\"39885\" data-type=\"image\" class=\"fg-thumb\"><span class=\"fg-image-wrap\"><img decoding=\"async\" width=\"640\" height=\"360\" class=\"skip-lazy fg-image\" data-src-fg=\"https:\/\/sindenfermeiro.com.br\/wp-content\/uploads\/cache\/2020\/06\/WhatsApp-Image-2020-06-08-at-09_21_56\/1488733309.jpeg\" src=\"data:image\/svg+xml,%3Csvg%20xmlns%3D%22http%3A%2F%2Fwww.w3.org%2F2000%2Fsvg%22%20width%3D%22640%22%20height%3D%22360%22%20viewBox%3D%220%200%20640%20360%22%3E%3C%2Fsvg%3E\" loading=\"eager\"><\/span><span class=\"fg-image-overlay\"><\/span><\/a><\/figure><div class=\"fg-loader\"><\/div><\/div><div class=\"fg-item fg-type-image fg-idle\"><figure class=\"fg-item-inner\"><a href=\"https:\/\/sindenfermeiro.com.br\/wp-content\/uploads\/2020\/06\/WhatsApp-Image-2020-06-08-at-09.21.57-2.jpeg\" data-attachment-id=\"39887\" data-type=\"image\" class=\"fg-thumb\"><span class=\"fg-image-wrap\"><img decoding=\"async\" width=\"640\" height=\"360\" class=\"skip-lazy fg-image\" data-src-fg=\"https:\/\/sindenfermeiro.com.br\/wp-content\/uploads\/cache\/2020\/06\/WhatsApp-Image-2020-06-08-at-09_21_57-2\/2225332486.jpeg\" src=\"data:image\/svg+xml,%3Csvg%20xmlns%3D%22http%3A%2F%2Fwww.w3.org%2F2000%2Fsvg%22%20width%3D%22640%22%20height%3D%22360%22%20viewBox%3D%220%200%20640%20360%22%3E%3C%2Fsvg%3E\" loading=\"eager\"><\/span><span class=\"fg-image-overlay\"><\/span><\/a><\/figure><div class=\"fg-loader\"><\/div><\/div><div class=\"fg-item fg-type-image fg-idle\"><figure class=\"fg-item-inner\"><a href=\"https:\/\/sindenfermeiro.com.br\/wp-content\/uploads\/2020\/06\/WhatsApp-Image-2020-06-08-at-09.21.57.jpeg\" data-attachment-id=\"39888\" data-type=\"image\" class=\"fg-thumb\"><span class=\"fg-image-wrap\"><img decoding=\"async\" width=\"640\" height=\"360\" class=\"skip-lazy fg-image\" data-src-fg=\"https:\/\/sindenfermeiro.com.br\/wp-content\/uploads\/cache\/2020\/06\/WhatsApp-Image-2020-06-08-at-09_21_57\/3071277115.jpeg\" src=\"data:image\/svg+xml,%3Csvg%20xmlns%3D%22http%3A%2F%2Fwww.w3.org%2F2000%2Fsvg%22%20width%3D%22640%22%20height%3D%22360%22%20viewBox%3D%220%200%20640%20360%22%3E%3C%2Fsvg%3E\" loading=\"eager\"><\/span><span class=\"fg-image-overlay\"><\/span><\/a><\/figure><div class=\"fg-loader\"><\/div><\/div><div class=\"fg-item fg-type-image fg-idle\"><figure class=\"fg-item-inner\"><a href=\"https:\/\/sindenfermeiro.com.br\/wp-content\/uploads\/2020\/06\/WhatsApp-Image-2020-06-08-at-09.21.57-1.jpeg\" data-attachment-id=\"39879\" data-type=\"image\" class=\"fg-thumb\"><span class=\"fg-image-wrap\"><img decoding=\"async\" width=\"640\" height=\"360\" class=\"skip-lazy fg-image\" data-src-fg=\"https:\/\/sindenfermeiro.com.br\/wp-content\/uploads\/cache\/2020\/06\/WhatsApp-Image-2020-06-08-at-09_21_57-1\/1051515218.jpeg\" src=\"data:image\/svg+xml,%3Csvg%20xmlns%3D%22http%3A%2F%2Fwww.w3.org%2F2000%2Fsvg%22%20width%3D%22640%22%20height%3D%22360%22%20viewBox%3D%220%200%20640%20360%22%3E%3C%2Fsvg%3E\" loading=\"eager\"><\/span><span class=\"fg-image-overlay\"><\/span><\/a><\/figure><div class=\"fg-loader\"><\/div><\/div>\t\t<\/div>\n\t\t<div class=\"fiv-ctrls\">\n\t\t\t<button type=\"button\" class=\"fiv-prev\" title=\"Prev\"><span>Prev<\/span><\/button>\n\t\t\t<label class=\"fiv-count\"><span class=\"fiv-count-current\">1<\/span>of<span class=\"fiv-count-total\">5<\/span><\/label>\n\t\t\t<button type=\"button\" class=\"fiv-next\" title=\"Next\"><span>Next<\/span><\/button>\n\t\t<\/div>\n\t<\/div>\n<\/div>\n<p style=\"text-align: justify\">No \u00faltimo domingo (07), cerca de 3 mil pessoas (trabalhadores, estudantes e movimentos sociais) participaram de um ato em defesa da democracia que aconteceu na Esplanada dos Minist\u00e9rios.<\/p>\n<p style=\"text-align: justify\">Entre os trabalhadores presentes, estavam os profissionais da sau\u0301de, que seguindo as orientac\u0327o\u0303es de distanciamento social, defenderam a democracia e o SUS. Al\u00e9m de enfermeiros, o ato contou com a presen\u00e7a de m\u00e9dicos, dentistas, fisioterapeutas, assistentes sociais e outros.<\/p>\n<p style=\"text-align: justify\">Para Jorge Henrique, enfermeiro e um dos organizadores do bloco da sa\u00fade, foi importante a participa\u00e7\u00e3o dos profissionais da sa\u00fade, pois o SUS surgiu na luta por democracia, e sua vocac\u0327a\u0303o e\u0301 estar junto a\u0300 populac\u0327a\u0303o contra o racismo, o fascismo e todo tipo de opressa\u0303o.<\/p>\n<p style=\"text-align: justify\">Al\u00e9m das pautas por democracia, a pauta antirracista se destacou, seguindo a tend\u00eancia de manifesta\u00e7\u00f5es que acontecem em todo Brasil e no mundo.<\/p>\n","protected":false},"excerpt":{"rendered":"<p>No \u00faltimo domingo (07), cerca de 3 mil pessoas (trabalhadores, estudantes e movimentos sociais) participaram de um ato em defesa da democracia que aconteceu na Esplanada dos Minist\u00e9rios. Entre os trabalhadores presentes, estavam os profissionais da sau\u0301de, que seguindo as orientac\u0327o\u0303es de distanciamento social, defenderam a democracia e o SUS. Al\u00e9m de enfermeiros, o ato [&hellip;]<\/p>\n","protected":false},"author":6,"featured_media":39879,"comment_status":"open","ping_status":"open","sticky":false,"template":"","format":"standard","meta":{"footnotes":""},"categories":[6,13,5],"tags":[550,549,7,99,21],"class_list":["post-39878","post","type-post","status-publish","format-standard","has-post-thumbnail","hentry","category-noticias","category-rede-privada","category-rede-publica","tag-antifascismo","tag-ato-democracia","tag-enfermagem","tag-enfermagem-df","tag-sindenfermeiro"],"_links":{"self":[{"href":"https:\/\/sindenfermeiro.com.br\/index.php\/wp-json\/wp\/v2\/posts\/39878","targetHints":{"allow":["GET"]}}],"collection":[{"href":"https:\/\/sindenfermeiro.com.br\/index.php\/wp-json\/wp\/v2\/posts"}],"about":[{"href":"https:\/\/sindenfermeiro.com.br\/index.php\/wp-json\/wp\/v2\/types\/post"}],"author":[{"embeddable":true,"href":"https:\/\/sindenfermeiro.com.br\/index.php\/wp-json\/wp\/v2\/users\/6"}],"replies":[{"embeddable":true,"href":"https:\/\/sindenfermeiro.com.br\/index.php\/wp-json\/wp\/v2\/comments?post=39878"}],"version-history":[{"count":5,"href":"https:\/\/sindenfermeiro.com.br\/index.php\/wp-json\/wp\/v2\/posts\/39878\/revisions"}],"predecessor-version":[{"id":39890,"href":"https:\/\/sindenfermeiro.com.br\/index.php\/wp-json\/wp\/v2\/posts\/39878\/revisions\/39890"}],"wp:featuredmedia":[{"embeddable":true,"href":"https:\/\/sindenfermeiro.com.br\/index.php\/wp-json\/wp\/v2\/media\/39879"}],"wp:attachment":[{"href":"https:\/\/sindenfermeiro.com.br\/index.php\/wp-json\/wp\/v2\/media?parent=39878"}],"wp:term":[{"taxonomy":"category","embeddable":true,"href":"https:\/\/sindenfermeiro.com.br\/index.php\/wp-json\/wp\/v2\/categories?post=39878"},{"taxonomy":"post_tag","embeddable":true,"href":"https:\/\/sindenfermeiro.com.br\/index.php\/wp-json\/wp\/v2\/tags?post=39878"}],"curies":[{"name":"wp","href":"https:\/\/api.w.org\/{rel}","templated":true}]}}