{"id":39875,"date":"2020-06-05T12:18:37","date_gmt":"2020-06-05T15:18:37","guid":{"rendered":"https:\/\/sindenfermeiro.com.br\/?p=39875"},"modified":"2026-04-26T22:06:03","modified_gmt":"2026-04-27T01:06:03","slug":"enfermeiros-terao-passe-livre-no-transporte-publico-do-df-durante-pandemia-do-coronavirus","status":"publish","type":"post","link":"https:\/\/sindenfermeiro.com.br\/index.php\/2020\/06\/05\/enfermeiros-terao-passe-livre-no-transporte-publico-do-df-durante-pandemia-do-coronavirus\/","title":{"rendered":"Enfermeiros ter\u00e3o passe livre no transporte p\u00fablico do DF durante pandemia do coronav\u00edrus"},"content":{"rendered":"<p><img loading=\"lazy\" decoding=\"async\" class=\"aligncenter wp-image-39876 \" src=\"https:\/\/sindenfermeiro.com.br\/wp-content\/uploads\/2020\/06\/Sem-t\u00edtulo.jpg\" alt=\"\" width=\"591\" height=\"391\" srcset=\"https:\/\/sindenfermeiro.com.br\/wp-content\/uploads\/2020\/06\/Sem-t\u00edtulo.jpg 1259w, https:\/\/sindenfermeiro.com.br\/wp-content\/uploads\/2020\/06\/Sem-t\u00edtulo-300x198.jpg 300w, https:\/\/sindenfermeiro.com.br\/wp-content\/uploads\/2020\/06\/Sem-t\u00edtulo-1024x678.jpg 1024w, https:\/\/sindenfermeiro.com.br\/wp-content\/uploads\/2020\/06\/Sem-t\u00edtulo-768x508.jpg 768w\" sizes=\"auto, (max-width: 591px) 100vw, 591px\" \/><\/p>\n<p>Os profissionais de sa\u00fade que atuam na linha de frente no combate ao coronav\u00edrus agora t\u00eam direito a usar gratuitamente o transporte p\u00fablico em todo o Distrito Federal. \u00c9 o que determina a medida publicada ontem (04), no Di\u00e1rio Oficial do Distrito Federal (DODF), e que ter\u00e1 validade enquanto perdurar o estado de calamidade p\u00fablica por conta da pandemia.<\/p>\n<p>Al\u00e9m dos enfermeiros, m\u00e9dicos e t\u00e9cnicos em enfermagem tamb\u00e9m ser\u00e3o beneficiados com a medida. Para ter acesso \u00e0 gratuidade nos \u00f4nibus e trens do Metr\u00f4, o trabalhador deve apresentar seu crach\u00e1 funcional para identifica\u00e7\u00e3o.<\/p>\n<p>Antes de ser sancionado, o projeto de lei de autoria do deputado Reginaldo Veras (PDT) foi vetado pelo Executivo \u2013 o que foi barrado pela C\u00e2mara Legislativa do Distrito Federal (CLDF).<\/p>\n","protected":false},"excerpt":{"rendered":"<p>Os profissionais de sa\u00fade que atuam na linha de frente no combate ao coronav\u00edrus agora t\u00eam direito a usar gratuitamente o transporte p\u00fablico em todo o Distrito Federal. \u00c9 o que determina a medida publicada ontem (04), no Di\u00e1rio Oficial do Distrito Federal (DODF), e que ter\u00e1 validade enquanto perdurar o estado de calamidade p\u00fablica [&hellip;]<\/p>\n","protected":false},"author":6,"featured_media":39876,"comment_status":"open","ping_status":"open","sticky":false,"template":"","format":"standard","meta":{"footnotes":""},"categories":[6,13,5],"tags":[54,548,547],"class_list":["post-39875","post","type-post","status-publish","format-standard","has-post-thumbnail","hentry","category-noticias","category-rede-privada","category-rede-publica","tag-enfermeiros","tag-gratuidade","tag-transporte-publico"],"_links":{"self":[{"href":"https:\/\/sindenfermeiro.com.br\/index.php\/wp-json\/wp\/v2\/posts\/39875","targetHints":{"allow":["GET"]}}],"collection":[{"href":"https:\/\/sindenfermeiro.com.br\/index.php\/wp-json\/wp\/v2\/posts"}],"about":[{"href":"https:\/\/sindenfermeiro.com.br\/index.php\/wp-json\/wp\/v2\/types\/post"}],"author":[{"embeddable":true,"href":"https:\/\/sindenfermeiro.com.br\/index.php\/wp-json\/wp\/v2\/users\/6"}],"replies":[{"embeddable":true,"href":"https:\/\/sindenfermeiro.com.br\/index.php\/wp-json\/wp\/v2\/comments?post=39875"}],"version-history":[{"count":1,"href":"https:\/\/sindenfermeiro.com.br\/index.php\/wp-json\/wp\/v2\/posts\/39875\/revisions"}],"predecessor-version":[{"id":39877,"href":"https:\/\/sindenfermeiro.com.br\/index.php\/wp-json\/wp\/v2\/posts\/39875\/revisions\/39877"}],"wp:featuredmedia":[{"embeddable":true,"href":"https:\/\/sindenfermeiro.com.br\/index.php\/wp-json\/wp\/v2\/media\/39876"}],"wp:attachment":[{"href":"https:\/\/sindenfermeiro.com.br\/index.php\/wp-json\/wp\/v2\/media?parent=39875"}],"wp:term":[{"taxonomy":"category","embeddable":true,"href":"https:\/\/sindenfermeiro.com.br\/index.php\/wp-json\/wp\/v2\/categories?post=39875"},{"taxonomy":"post_tag","embeddable":true,"href":"https:\/\/sindenfermeiro.com.br\/index.php\/wp-json\/wp\/v2\/tags?post=39875"}],"curies":[{"name":"wp","href":"https:\/\/api.w.org\/{rel}","templated":true}]}}