{"id":39864,"date":"2020-06-01T15:17:10","date_gmt":"2020-06-01T18:17:10","guid":{"rendered":"https:\/\/sindenfermeiro.com.br\/?p=39864"},"modified":"2026-04-26T22:03:03","modified_gmt":"2026-04-27T01:03:03","slug":"30-horas-pl-que-atende-demandas-historicas-da-enfermagem-e-protocolada-na-camara-federal","status":"publish","type":"post","link":"https:\/\/sindenfermeiro.com.br\/index.php\/2020\/06\/01\/30-horas-pl-que-atende-demandas-historicas-da-enfermagem-e-protocolada-na-camara-federal\/","title":{"rendered":"30 Horas: PL que atende demandas hist\u00f3ricas da enfermagem \u00e9 protocolada na C\u00e2mara Federal"},"content":{"rendered":"<p><img loading=\"lazy\" decoding=\"async\" class=\"wp-image-39865  aligncenter\" src=\"https:\/\/sindenfermeiro.com.br\/wp-content\/uploads\/2020\/06\/STF_hospitais_atacam_lei_do_RJ_que_fixou_em_30_horas_semanais_jornada_de_enfermagem.jpeg\" alt=\"\" width=\"580\" height=\"385\" srcset=\"https:\/\/sindenfermeiro.com.br\/wp-content\/uploads\/2020\/06\/STF_hospitais_atacam_lei_do_RJ_que_fixou_em_30_horas_semanais_jornada_de_enfermagem.jpeg 960w, https:\/\/sindenfermeiro.com.br\/wp-content\/uploads\/2020\/06\/STF_hospitais_atacam_lei_do_RJ_que_fixou_em_30_horas_semanais_jornada_de_enfermagem-300x199.jpeg 300w, https:\/\/sindenfermeiro.com.br\/wp-content\/uploads\/2020\/06\/STF_hospitais_atacam_lei_do_RJ_que_fixou_em_30_horas_semanais_jornada_de_enfermagem-768x509.jpeg 768w\" sizes=\"auto, (max-width: 580px) 100vw, 580px\" \/><\/p>\n<p>Mais um passo foi dado na luta pelas 30 horas com a apresenta\u00e7\u00e3o, no \u00faltimo dia 29 de maio, do Projeto de Lei n\u00ba 2997\/2020 na C\u00e2mara Federal \u2013 que estabelece a carga hor\u00e1ria semanal para os profissionais de enfermagem, t\u00e9cnicos, auxiliares e parteiras, al\u00e9m de criar o piso salarial da categoria. O projeto aguarda despacho do presidente da casa, Rodrigo Maia, para seguir a tramita\u00e7\u00e3o.<\/p>\n<p>O PL prev\u00ea, ainda, que para jornadas de trabalho superiores a 30 horas semanais, o c\u00e1lculo de horas extras ser\u00e1 feito em base no valor estabelecido em contrato de trabalho, n\u00e3o podendo exceder a jornada de 36 horas. Tamb\u00e9m est\u00e1 estabelecido no projeto o piso salarial dos t\u00e9cnicos de enfermagem, auxiliares e parteiras, e a atualiza\u00e7\u00e3o anual dos valores no m\u00eas de janeiro.<\/p>\n<p><strong>Piso salarial<\/strong><\/p>\n<p>Para a enfermagem, o piso salarial nacional estabelecido no PL \u00e9 de R$ 6.000,00, sendo que os t\u00e9cnicos ter\u00e3o a propor\u00e7\u00e3o de 70% do valor \u2013 j\u00e1 para os auxiliares e parteiras, o piso salarial ser\u00e1 de 50%.<\/p>\n<p><strong>Justificativa<\/strong><\/p>\n<p>O PL foi protocolado pelo deputado Reginaldo Lopes (PT-MG), e \u00e9 assinado por outros 26 parlamentares, de diferentes partidos \u2013 inclusive governistas, representando cada uma das 27 unidades da Federa\u00e7\u00e3o.<\/p>\n<p>Segundo a justificativa do documento, \u201c\u00e9 reivindica\u00e7\u00e3o destas carreiras h\u00e1 anos a cria\u00e7\u00e3o de um piso salarial para haver uma necess\u00e1ria regulamenta\u00e7\u00e3o n\u00e3o s\u00f3 salarial, mas de reconhecimento e funcionamento das rela\u00e7\u00f5es trabalhistas para estes profissionais\u201d.<\/p>\n<p>Voc\u00ea pode ler a \u00edntegra do PL 2997\/2020 <a href=\"https:\/\/www.camara.leg.br\/proposicoesWeb\/prop_mostrarintegra?codteor=1899227&amp;filename=PL+2997\/2020\"><strong>AQUI<\/strong><\/a><\/p>\n","protected":false},"excerpt":{"rendered":"<p>Mais um passo foi dado na luta pelas 30 horas com a apresenta\u00e7\u00e3o, no \u00faltimo dia 29 de maio, do Projeto de Lei n\u00ba 2997\/2020 na C\u00e2mara Federal \u2013 que estabelece a carga hor\u00e1ria semanal para os profissionais de enfermagem, t\u00e9cnicos, auxiliares e parteiras, al\u00e9m de criar o piso salarial da categoria. O projeto aguarda [&hellip;]<\/p>\n","protected":false},"author":6,"featured_media":39865,"comment_status":"open","ping_status":"open","sticky":false,"template":"","format":"standard","meta":{"footnotes":""},"categories":[6,13,5],"tags":[228,545,7,53,160],"class_list":["post-39864","post","type-post","status-publish","format-standard","has-post-thumbnail","hentry","category-noticias","category-rede-privada","category-rede-publica","tag-30-horas","tag-camara","tag-enfermagem","tag-piso-salarial","tag-projeto-de-lei"],"_links":{"self":[{"href":"https:\/\/sindenfermeiro.com.br\/index.php\/wp-json\/wp\/v2\/posts\/39864","targetHints":{"allow":["GET"]}}],"collection":[{"href":"https:\/\/sindenfermeiro.com.br\/index.php\/wp-json\/wp\/v2\/posts"}],"about":[{"href":"https:\/\/sindenfermeiro.com.br\/index.php\/wp-json\/wp\/v2\/types\/post"}],"author":[{"embeddable":true,"href":"https:\/\/sindenfermeiro.com.br\/index.php\/wp-json\/wp\/v2\/users\/6"}],"replies":[{"embeddable":true,"href":"https:\/\/sindenfermeiro.com.br\/index.php\/wp-json\/wp\/v2\/comments?post=39864"}],"version-history":[{"count":1,"href":"https:\/\/sindenfermeiro.com.br\/index.php\/wp-json\/wp\/v2\/posts\/39864\/revisions"}],"predecessor-version":[{"id":39866,"href":"https:\/\/sindenfermeiro.com.br\/index.php\/wp-json\/wp\/v2\/posts\/39864\/revisions\/39866"}],"wp:featuredmedia":[{"embeddable":true,"href":"https:\/\/sindenfermeiro.com.br\/index.php\/wp-json\/wp\/v2\/media\/39865"}],"wp:attachment":[{"href":"https:\/\/sindenfermeiro.com.br\/index.php\/wp-json\/wp\/v2\/media?parent=39864"}],"wp:term":[{"taxonomy":"category","embeddable":true,"href":"https:\/\/sindenfermeiro.com.br\/index.php\/wp-json\/wp\/v2\/categories?post=39864"},{"taxonomy":"post_tag","embeddable":true,"href":"https:\/\/sindenfermeiro.com.br\/index.php\/wp-json\/wp\/v2\/tags?post=39864"}],"curies":[{"name":"wp","href":"https:\/\/api.w.org\/{rel}","templated":true}]}}