{"id":39852,"date":"2020-05-29T15:40:12","date_gmt":"2020-05-29T18:40:12","guid":{"rendered":"https:\/\/sindenfermeiro.com.br\/?p=39852"},"modified":"2026-04-26T22:02:25","modified_gmt":"2026-04-27T01:02:25","slug":"debate-virtual-sobre-a-forca-do-sus-no-combate-a-covid-19","status":"publish","type":"post","link":"https:\/\/sindenfermeiro.com.br\/index.php\/2020\/05\/29\/debate-virtual-sobre-a-forca-do-sus-no-combate-a-covid-19\/","title":{"rendered":"Debate virtual sobre a For\u00e7a do SUS no combate \u00e0 Covid-19"},"content":{"rendered":"<p>&nbsp;<\/p>\n<p><img loading=\"lazy\" decoding=\"async\" class=\"aligncenter wp-image-39853 \" src=\"https:\/\/sindenfermeiro.com.br\/wp-content\/uploads\/2020\/05\/WhatsApp-Image-2020-05-29-at-11.24.33.jpeg\" alt=\"\" width=\"546\" height=\"546\" srcset=\"https:\/\/sindenfermeiro.com.br\/wp-content\/uploads\/2020\/05\/WhatsApp-Image-2020-05-29-at-11.24.33.jpeg 960w, https:\/\/sindenfermeiro.com.br\/wp-content\/uploads\/2020\/05\/WhatsApp-Image-2020-05-29-at-11.24.33-300x300.jpeg 300w, https:\/\/sindenfermeiro.com.br\/wp-content\/uploads\/2020\/05\/WhatsApp-Image-2020-05-29-at-11.24.33-150x150.jpeg 150w, https:\/\/sindenfermeiro.com.br\/wp-content\/uploads\/2020\/05\/WhatsApp-Image-2020-05-29-at-11.24.33-768x768.jpeg 768w\" sizes=\"auto, (max-width: 546px) 100vw, 546px\" \/><\/p>\n<p>Na pr\u00f3xima ter\u00e7a-feira (02), \u00e0s 9h30, a presidente do SindEnfermeiro-DF, Dayse Amar\u00edlio, ser\u00e1 uma das participantes do debate virtual promovido pelo deputado distrital Leandro Grass (REDE) para discutir sobre \u201cA For\u00e7a do SUS no Combate \u00e0 Covid-19\u201d. A reuni\u00e3o ser\u00e1 transmitida atrav\u00e9s do YouTube, Facebook, e pelo portal e-Democracia, da C\u00e2mara dos Deputados.<\/p>\n<p>O encontro busca reunir especialistas, representantes dos profissionais de sa\u00fade e institui\u00e7\u00f5es p\u00fablicas, al\u00e9m da popula\u00e7\u00e3o, com o objetivo de refor\u00e7ar ainda mais o debate sobre a import\u00e2ncia do SUS, possibilitar a troca de ideias e a constru\u00e7\u00e3o coletiva de novas solu\u00e7\u00f5es para o sistema durante a crise provocada pela pandemia.<\/p>\n<p>A sua participa\u00e7\u00e3o \u00e9 fundamental! E voc\u00ea pode se inscrever clicando <a href=\"https:\/\/materiais.leandrograss.com.br\/a-forca-do-sus-no-combate-a-covid-19-pre-inscricao\">AQUI!<\/a><\/p>\n","protected":false},"excerpt":{"rendered":"<p>&nbsp; Na pr\u00f3xima ter\u00e7a-feira (02), \u00e0s 9h30, a presidente do SindEnfermeiro-DF, Dayse Amar\u00edlio, ser\u00e1 uma das participantes do debate virtual promovido pelo deputado distrital Leandro Grass (REDE) para discutir sobre \u201cA For\u00e7a do SUS no Combate \u00e0 Covid-19\u201d. A reuni\u00e3o ser\u00e1 transmitida atrav\u00e9s do YouTube, Facebook, e pelo portal e-Democracia, da C\u00e2mara dos Deputados. O [&hellip;]<\/p>\n","protected":false},"author":6,"featured_media":39853,"comment_status":"open","ping_status":"open","sticky":false,"template":"","format":"standard","meta":{"footnotes":""},"categories":[6,13,5],"tags":[],"class_list":["post-39852","post","type-post","status-publish","format-standard","has-post-thumbnail","hentry","category-noticias","category-rede-privada","category-rede-publica"],"_links":{"self":[{"href":"https:\/\/sindenfermeiro.com.br\/index.php\/wp-json\/wp\/v2\/posts\/39852","targetHints":{"allow":["GET"]}}],"collection":[{"href":"https:\/\/sindenfermeiro.com.br\/index.php\/wp-json\/wp\/v2\/posts"}],"about":[{"href":"https:\/\/sindenfermeiro.com.br\/index.php\/wp-json\/wp\/v2\/types\/post"}],"author":[{"embeddable":true,"href":"https:\/\/sindenfermeiro.com.br\/index.php\/wp-json\/wp\/v2\/users\/6"}],"replies":[{"embeddable":true,"href":"https:\/\/sindenfermeiro.com.br\/index.php\/wp-json\/wp\/v2\/comments?post=39852"}],"version-history":[{"count":1,"href":"https:\/\/sindenfermeiro.com.br\/index.php\/wp-json\/wp\/v2\/posts\/39852\/revisions"}],"predecessor-version":[{"id":39859,"href":"https:\/\/sindenfermeiro.com.br\/index.php\/wp-json\/wp\/v2\/posts\/39852\/revisions\/39859"}],"wp:featuredmedia":[{"embeddable":true,"href":"https:\/\/sindenfermeiro.com.br\/index.php\/wp-json\/wp\/v2\/media\/39853"}],"wp:attachment":[{"href":"https:\/\/sindenfermeiro.com.br\/index.php\/wp-json\/wp\/v2\/media?parent=39852"}],"wp:term":[{"taxonomy":"category","embeddable":true,"href":"https:\/\/sindenfermeiro.com.br\/index.php\/wp-json\/wp\/v2\/categories?post=39852"},{"taxonomy":"post_tag","embeddable":true,"href":"https:\/\/sindenfermeiro.com.br\/index.php\/wp-json\/wp\/v2\/tags?post=39852"}],"curies":[{"name":"wp","href":"https:\/\/api.w.org\/{rel}","templated":true}]}}