{"id":39844,"date":"2020-05-28T17:39:29","date_gmt":"2020-05-28T20:39:29","guid":{"rendered":"https:\/\/sindenfermeiro.com.br\/?p=39844"},"modified":"2026-04-26T22:03:03","modified_gmt":"2026-04-27T01:03:03","slug":"sindenfermeiro-vai-ao-hospital-de-base-averiguar-denuncia","status":"publish","type":"post","link":"https:\/\/sindenfermeiro.com.br\/index.php\/2020\/05\/28\/sindenfermeiro-vai-ao-hospital-de-base-averiguar-denuncia\/","title":{"rendered":"SindEnfermeiro vai ao Hospital de Base averiguar den\u00fancia"},"content":{"rendered":"<p>O Sindicato dos Enfermeiros do Distrito Federal (SindEnfermeiro-DF) esteve na tarde da \u00faltima quinta-feira (28) no Hospital de Base do DF, gerido pelo Instituto de Gest\u00e3o Estrat\u00e9gica do DF (IGESDF), para averiguar uma s\u00e9rie de den\u00fancias feitas por enfermeiros da institui\u00e7\u00e3o. A situa\u00e7\u00e3o encontrada pelos representantes do sindicado \u00e9 extremamente preocupante. Servidores n\u00e3o est\u00e3o sendo testados, pacientes com quadro sugestivos de Covid-19 n\u00e3o est\u00e3o na ala destinada ao tratamento da doen\u00e7a e os enfermeiros n\u00e3o t\u00eam um repouso com condi\u00e7\u00f5es m\u00ednimas.<\/p>\n<p>Na visita ao Hospital de Base, o SindEnfermeiro identificou que os pacientes com suspeita de Covid permanecem por dias no Pronto Socorro (PS) junto com pacientes sem sintomas. Al\u00e9m disso, esses pacientes s\u00e3o encaminhados para a ala destinada ao tratamento da doen\u00e7a apenas depois da confirma\u00e7\u00e3o feita por exames \u2013 que demoram em m\u00e9dia 48 horas para ficarem prontos -, mesmo esses pacientes possuindo v\u00ednculo epidemiol\u00f3gico (quando familiares ou pessoas pr\u00f3ximas testaram positivo).<\/p>\n<p>Outra situa\u00e7\u00e3o encontrada pelo sindicato foi a falta de local para repouso dos enfermeiros do Pronto Socorro. O repouso da emerg\u00eancia foi demarcado por especialidade, for\u00e7ando os profissionais a repousarem em seus carros. Diante disso, os enfermeiros fora alocados em um espa\u00e7o totalmente insalubre.<\/p>\n<p>O SindEnfermeiro ressalta que tomar\u00e1 todas as medidas administrativas e jur\u00eddicas para que esse tratamento n\u00e3o ison\u00f4mico e o ass\u00e9dio contra a enfermagem cessem, uma vez que essa \u00e9 uma atitude inadmiss\u00edvel.<\/p>\n<p>&nbsp;<\/p>\n<div style=\"width: 854px;\" class=\"wp-video\"><video class=\"wp-video-shortcode\" id=\"video-39844-1\" width=\"854\" height=\"480\" preload=\"metadata\" controls=\"controls\"><source type=\"video\/mp4\" src=\"https:\/\/sindenfermeiro.com.br\/wp-content\/uploads\/2020\/05\/WhatsApp-Video-2020-05-28-at-17.30.04.mp4?_=1\" \/><a href=\"https:\/\/sindenfermeiro.com.br\/wp-content\/uploads\/2020\/05\/WhatsApp-Video-2020-05-28-at-17.30.04.mp4\">https:\/\/sindenfermeiro.com.br\/wp-content\/uploads\/2020\/05\/WhatsApp-Video-2020-05-28-at-17.30.04.mp4<\/a><\/video><\/div>\n","protected":false},"excerpt":{"rendered":"<p>O Sindicato dos Enfermeiros do Distrito Federal (SindEnfermeiro-DF) esteve na tarde da \u00faltima quinta-feira (28) no Hospital de Base do DF, gerido pelo Instituto de Gest\u00e3o Estrat\u00e9gica do DF (IGESDF), para averiguar uma s\u00e9rie de den\u00fancias feitas por enfermeiros da institui\u00e7\u00e3o. A situa\u00e7\u00e3o encontrada pelos representantes do sindicado \u00e9 extremamente preocupante. Servidores n\u00e3o est\u00e3o sendo [&hellip;]<\/p>\n","protected":false},"author":6,"featured_media":39845,"comment_status":"open","ping_status":"open","sticky":false,"template":"","format":"standard","meta":{"footnotes":""},"categories":[6,13,5],"tags":[108,7,543,311,312,21],"class_list":["post-39844","post","type-post","status-publish","format-standard","has-post-thumbnail","hentry","category-noticias","category-rede-privada","category-rede-publica","tag-denuncia","tag-enfermagem","tag-enfermagem-d","tag-hbdf","tag-hospital-de-base","tag-sindenfermeiro"],"_links":{"self":[{"href":"https:\/\/sindenfermeiro.com.br\/index.php\/wp-json\/wp\/v2\/posts\/39844","targetHints":{"allow":["GET"]}}],"collection":[{"href":"https:\/\/sindenfermeiro.com.br\/index.php\/wp-json\/wp\/v2\/posts"}],"about":[{"href":"https:\/\/sindenfermeiro.com.br\/index.php\/wp-json\/wp\/v2\/types\/post"}],"author":[{"embeddable":true,"href":"https:\/\/sindenfermeiro.com.br\/index.php\/wp-json\/wp\/v2\/users\/6"}],"replies":[{"embeddable":true,"href":"https:\/\/sindenfermeiro.com.br\/index.php\/wp-json\/wp\/v2\/comments?post=39844"}],"version-history":[{"count":1,"href":"https:\/\/sindenfermeiro.com.br\/index.php\/wp-json\/wp\/v2\/posts\/39844\/revisions"}],"predecessor-version":[{"id":39848,"href":"https:\/\/sindenfermeiro.com.br\/index.php\/wp-json\/wp\/v2\/posts\/39844\/revisions\/39848"}],"wp:featuredmedia":[{"embeddable":true,"href":"https:\/\/sindenfermeiro.com.br\/index.php\/wp-json\/wp\/v2\/media\/39845"}],"wp:attachment":[{"href":"https:\/\/sindenfermeiro.com.br\/index.php\/wp-json\/wp\/v2\/media?parent=39844"}],"wp:term":[{"taxonomy":"category","embeddable":true,"href":"https:\/\/sindenfermeiro.com.br\/index.php\/wp-json\/wp\/v2\/categories?post=39844"},{"taxonomy":"post_tag","embeddable":true,"href":"https:\/\/sindenfermeiro.com.br\/index.php\/wp-json\/wp\/v2\/tags?post=39844"}],"curies":[{"name":"wp","href":"https:\/\/api.w.org\/{rel}","templated":true}]}}