{"id":39832,"date":"2020-05-28T16:50:17","date_gmt":"2020-05-28T19:50:17","guid":{"rendered":"https:\/\/sindenfermeiro.com.br\/?p=39832"},"modified":"2026-04-27T05:28:59","modified_gmt":"2026-04-27T08:28:59","slug":"sindenfermeiro-e-coren-df-visitam-hrpa-para-averiguar-condicoes-de-trabalho-dos-servidores","status":"publish","type":"post","link":"https:\/\/sindenfermeiro.com.br\/index.php\/2020\/05\/28\/sindenfermeiro-e-coren-df-visitam-hrpa-para-averiguar-condicoes-de-trabalho-dos-servidores\/","title":{"rendered":"SindEnfermeiro e COREN-DF visitam Hospital Regional de Planaltina para averiguar condi\u00e7\u00f5es de trabalho dos servidores"},"content":{"rendered":"<style type=\"text\/css\">\n#foogallery-gallery-39833 .fg-image { width: 640px; }<\/style>\n\t\t\t<div class=\"foogallery foogallery-container foogallery-image-viewer foogallery-link-image foogallery-lightbox-none fg-center fg-image-viewer fg-ready fg-light fg-border-thin fg-shadow-outline fg-loading-default fg-loaded-fade-in fg-caption-hover fg-hover-fade fg-hover-zoom\" id=\"foogallery-gallery-39833\" data-foogallery=\"{&quot;item&quot;:{&quot;showCaptionTitle&quot;:true,&quot;showCaptionDescription&quot;:true},&quot;lazy&quot;:true,&quot;template&quot;:{&quot;loop&quot;:true}}\" style=\"--fg-title-line-clamp: 0; --fg-description-line-clamp: 0;\" >\n\t<div class=\"fiv-inner\">\n\t\t<div class=\"fiv-inner-container\">\n\t\t\t<div class=\"fg-item fg-type-image fg-idle\"><figure class=\"fg-item-inner\"><a href=\"https:\/\/sindenfermeiro.com.br\/wp-content\/uploads\/2020\/05\/WhatsApp-Image-2020-05-28-at-13.21.28-1.jpeg\" data-attachment-id=\"39834\" data-type=\"image\" class=\"fg-thumb\"><span class=\"fg-image-wrap\"><img fetchpriority=\"high\" decoding=\"async\" width=\"640\" height=\"360\" class=\"skip-lazy fg-image\" data-src-fg=\"https:\/\/sindenfermeiro.com.br\/wp-content\/uploads\/cache\/2020\/05\/WhatsApp-Image-2020-05-28-at-13_21_28-1\/562561332.jpeg\" src=\"data:image\/svg+xml,%3Csvg%20xmlns%3D%22http%3A%2F%2Fwww.w3.org%2F2000%2Fsvg%22%20width%3D%22640%22%20height%3D%22360%22%20viewBox%3D%220%200%20640%20360%22%3E%3C%2Fsvg%3E\" loading=\"eager\"><\/span><span class=\"fg-image-overlay\"><\/span><\/a><\/figure><div class=\"fg-loader\"><\/div><\/div><div class=\"fg-item fg-type-image fg-idle\"><figure class=\"fg-item-inner\"><a href=\"https:\/\/sindenfermeiro.com.br\/wp-content\/uploads\/2020\/05\/WhatsApp-Image-2020-05-28-at-13.21.28-2.jpeg\" data-attachment-id=\"39835\" data-type=\"image\" class=\"fg-thumb\"><span class=\"fg-image-wrap\"><img decoding=\"async\" width=\"640\" height=\"360\" class=\"skip-lazy fg-image\" data-src-fg=\"https:\/\/sindenfermeiro.com.br\/wp-content\/uploads\/cache\/2020\/05\/WhatsApp-Image-2020-05-28-at-13_21_28-2\/2123170261.jpeg\" src=\"data:image\/svg+xml,%3Csvg%20xmlns%3D%22http%3A%2F%2Fwww.w3.org%2F2000%2Fsvg%22%20width%3D%22640%22%20height%3D%22360%22%20viewBox%3D%220%200%20640%20360%22%3E%3C%2Fsvg%3E\" loading=\"eager\"><\/span><span class=\"fg-image-overlay\"><\/span><\/a><\/figure><div class=\"fg-loader\"><\/div><\/div><div class=\"fg-item fg-type-image fg-idle\"><figure class=\"fg-item-inner\"><a href=\"https:\/\/sindenfermeiro.com.br\/wp-content\/uploads\/2020\/05\/WhatsApp-Image-2020-05-28-at-13.21.29-1.jpeg\" data-attachment-id=\"39836\" data-type=\"image\" class=\"fg-thumb\"><span class=\"fg-image-wrap\"><img decoding=\"async\" width=\"640\" height=\"360\" class=\"skip-lazy fg-image\" data-src-fg=\"https:\/\/sindenfermeiro.com.br\/wp-content\/uploads\/cache\/2020\/05\/WhatsApp-Image-2020-05-28-at-13_21_29-1\/756459196.jpeg\" src=\"data:image\/svg+xml,%3Csvg%20xmlns%3D%22http%3A%2F%2Fwww.w3.org%2F2000%2Fsvg%22%20width%3D%22640%22%20height%3D%22360%22%20viewBox%3D%220%200%20640%20360%22%3E%3C%2Fsvg%3E\" loading=\"eager\"><\/span><span class=\"fg-image-overlay\"><\/span><\/a><\/figure><div class=\"fg-loader\"><\/div><\/div><div class=\"fg-item fg-type-image fg-idle\"><figure class=\"fg-item-inner\"><a href=\"https:\/\/sindenfermeiro.com.br\/wp-content\/uploads\/2020\/05\/WhatsApp-Image-2020-05-28-at-13.21.29-2.jpeg\" data-attachment-id=\"39837\" data-type=\"image\" class=\"fg-thumb\"><span class=\"fg-image-wrap\"><img decoding=\"async\" width=\"640\" height=\"360\" class=\"skip-lazy fg-image\" data-src-fg=\"https:\/\/sindenfermeiro.com.br\/wp-content\/uploads\/cache\/2020\/05\/WhatsApp-Image-2020-05-28-at-13_21_29-2\/1913890397.jpeg\" src=\"data:image\/svg+xml,%3Csvg%20xmlns%3D%22http%3A%2F%2Fwww.w3.org%2F2000%2Fsvg%22%20width%3D%22640%22%20height%3D%22360%22%20viewBox%3D%220%200%20640%20360%22%3E%3C%2Fsvg%3E\" loading=\"eager\"><\/span><span class=\"fg-image-overlay\"><\/span><\/a><\/figure><div class=\"fg-loader\"><\/div><\/div><div class=\"fg-item fg-type-image fg-idle\"><figure class=\"fg-item-inner\"><a href=\"https:\/\/sindenfermeiro.com.br\/wp-content\/uploads\/2020\/05\/WhatsApp-Image-2020-05-28-at-13.21.30-2.jpeg\" data-attachment-id=\"39838\" data-type=\"image\" class=\"fg-thumb\"><span class=\"fg-image-wrap\"><img decoding=\"async\" width=\"640\" height=\"360\" class=\"skip-lazy fg-image\" data-src-fg=\"https:\/\/sindenfermeiro.com.br\/wp-content\/uploads\/cache\/2020\/05\/WhatsApp-Image-2020-05-28-at-13_21_30-2\/4203842472.jpeg\" src=\"data:image\/svg+xml,%3Csvg%20xmlns%3D%22http%3A%2F%2Fwww.w3.org%2F2000%2Fsvg%22%20width%3D%22640%22%20height%3D%22360%22%20viewBox%3D%220%200%20640%20360%22%3E%3C%2Fsvg%3E\" loading=\"eager\"><\/span><span class=\"fg-image-overlay\"><\/span><\/a><\/figure><div class=\"fg-loader\"><\/div><\/div>\t\t<\/div>\n\t\t<div class=\"fiv-ctrls\">\n\t\t\t<button type=\"button\" class=\"fiv-prev\" title=\"Prev\"><span>Prev<\/span><\/button>\n\t\t\t<label class=\"fiv-count\"><span class=\"fiv-count-current\">1<\/span>of<span class=\"fiv-count-total\">5<\/span><\/label>\n\t\t\t<button type=\"button\" class=\"fiv-next\" title=\"Next\"><span>Next<\/span><\/button>\n\t\t<\/div>\n\t<\/div>\n<\/div>\n<p style=\"text-align: justify\">Nesta quinta-feira (28), representantes do Sindicato dos Enfermeiros do Distrito Federal (SindEnfermeiro-DF) e do Conselho Regional de Enfermagem (COREN-DF) estiveram no Hospital Regional de Planaltina (HRP) para observar as condi\u00e7\u00f5es de trabalho dos profissionais, bem como a disponibilidade dos equipamentos de prote\u00e7\u00e3o individual (EPIs) e a execu\u00e7\u00e3o dos fluxos de atendimento.<\/p>\n<p style=\"text-align: justify\">Durante a visita, feita pelo diretor do sindicato, Tarc\u00edsio Faria, e pelo secret\u00e1rio do COREN-DF, Tiago Pessoa, foram constatadas diversas irregularidades na unidade, como a n\u00e3o execu\u00e7\u00e3o dos fluxos de atendimento aos servidores e pacientes, al\u00e9m de problemas com os EPIs fornecidos \u00e0s equipes \u2013 que n\u00e3o\u00a0 fornecem a seguran\u00e7a necess\u00e1ria. Ficou constatado tamb\u00e9m,\u00a0 que os enfermeiros do HRPa est\u00e3o exercendo fun\u00e7\u00f5es diferentes das quais s\u00e3o designados para atuar.<\/p>\n<p style=\"text-align: justify\">De acordo com Tarc\u00edsio, &#8220;\u00e9 inadmiss\u00edvel que a equipe de enfermagem exer\u00e7a as fun\u00e7\u00f5es que s\u00e3o de outras categorias profissionais, como por exemplo no caso da nutri\u00e7\u00e3o e copeiros&#8221;. Segundo ele, a situa\u00e7\u00e3o ser\u00e1 encaminhada para o Minist\u00e9rio P\u00fablico do Trabalho.\u201d<\/p>\n<p style=\"text-align: justify\">Em reuni\u00e3o com a ger\u00eancia de enfermagem e a diretoria do hospital, os representantes das duas entidades solicitaram provid\u00eancias quanto \u00e0s irregularidades encontradas. Al\u00e9m disso, tamb\u00e9m foi apontada grande preocupa\u00e7\u00e3o com a falta de um fluxo de atendimento aos servidores que apresentam sintomas respirat\u00f3rios ou outros sintomas semelhantes aos causados pelo novo coronav\u00edrus.<\/p>\n<p style=\"text-align: justify\"><strong>Materiais de p\u00e9ssima qualidade<\/strong><\/p>\n<p style=\"text-align: justify\">O diretor do SindEnfermeiro, Tarc\u00edsio Faria, afirma que h\u00e1 problemas nos materiais de prote\u00e7\u00e3o disponibilizados aos trabalhadores pela Secretaria de Sa\u00fade (SES-DF), como m\u00e1scaras e outros materiais descart\u00e1veis. Segundo Tarc\u00edsio, \u201cos materiais disponibilizados s\u00e3o de p\u00e9ssima qualidade e as m\u00e1scaras, tanto cir\u00fargicas, como as do tipo N95, n\u00e3o oferecem a prote\u00e7\u00e3o adequada\u201d.<\/p>\n<p style=\"text-align: justify\">Ao final da visita, os representantes do SindEnfermeiro e do COREN-DF notificaram a diretoria e a ger\u00eancia de enfermagem do HRP para que sejam realizadas mudan\u00e7as nas pr\u00e1ticas que est\u00e3o em desacordo com a legisla\u00e7\u00e3o vigente. Al\u00e9m disso, as entidades, juntamente com os outros membros da A\u00e7\u00e3o Conjunta Covid-19, voltar\u00e3o \u00e0 unidade nos pr\u00f3ximos dias para averiguar se as irregularidades foram corrigidas \u2013 quando ser\u00e1 feito um relat\u00f3rio detalhando as condi\u00e7\u00f5es de trabalho no hospital para o Minist\u00e9rio P\u00fablico do Trabalho (MPT-DF).<\/p>\n","protected":false},"excerpt":{"rendered":"<p>Nesta quinta-feira (28), representantes do Sindicato dos Enfermeiros do Distrito Federal (SindEnfermeiro-DF) e do Conselho Regional de Enfermagem (COREN-DF) estiveram no Hospital Regional de Planaltina (HRP) para observar as condi\u00e7\u00f5es de trabalho dos profissionais, bem como a disponibilidade dos equipamentos de prote\u00e7\u00e3o individual (EPIs) e a execu\u00e7\u00e3o dos fluxos de atendimento. Durante a visita, feita [&hellip;]<\/p>\n","protected":false},"author":6,"featured_media":39835,"comment_status":"open","ping_status":"open","sticky":false,"template":"","format":"standard","meta":{"footnotes":""},"categories":[6,5],"tags":[502,504,541,542,21,540],"class_list":["post-39832","post","type-post","status-publish","format-standard","has-post-thumbnail","hentry","category-noticias","category-rede-publica","tag-acao-conjunta","tag-condicoes-de-trabalho","tag-hrpa","tag-paranoa","tag-sindenfermeiro","tag-visita"],"_links":{"self":[{"href":"https:\/\/sindenfermeiro.com.br\/index.php\/wp-json\/wp\/v2\/posts\/39832","targetHints":{"allow":["GET"]}}],"collection":[{"href":"https:\/\/sindenfermeiro.com.br\/index.php\/wp-json\/wp\/v2\/posts"}],"about":[{"href":"https:\/\/sindenfermeiro.com.br\/index.php\/wp-json\/wp\/v2\/types\/post"}],"author":[{"embeddable":true,"href":"https:\/\/sindenfermeiro.com.br\/index.php\/wp-json\/wp\/v2\/users\/6"}],"replies":[{"embeddable":true,"href":"https:\/\/sindenfermeiro.com.br\/index.php\/wp-json\/wp\/v2\/comments?post=39832"}],"version-history":[{"count":10,"href":"https:\/\/sindenfermeiro.com.br\/index.php\/wp-json\/wp\/v2\/posts\/39832\/revisions"}],"predecessor-version":[{"id":39855,"href":"https:\/\/sindenfermeiro.com.br\/index.php\/wp-json\/wp\/v2\/posts\/39832\/revisions\/39855"}],"wp:featuredmedia":[{"embeddable":true,"href":"https:\/\/sindenfermeiro.com.br\/index.php\/wp-json\/wp\/v2\/media\/39835"}],"wp:attachment":[{"href":"https:\/\/sindenfermeiro.com.br\/index.php\/wp-json\/wp\/v2\/media?parent=39832"}],"wp:term":[{"taxonomy":"category","embeddable":true,"href":"https:\/\/sindenfermeiro.com.br\/index.php\/wp-json\/wp\/v2\/categories?post=39832"},{"taxonomy":"post_tag","embeddable":true,"href":"https:\/\/sindenfermeiro.com.br\/index.php\/wp-json\/wp\/v2\/tags?post=39832"}],"curies":[{"name":"wp","href":"https:\/\/api.w.org\/{rel}","templated":true}]}}