{"id":39828,"date":"2020-05-27T15:59:28","date_gmt":"2020-05-27T18:59:28","guid":{"rendered":"https:\/\/sindenfermeiro.com.br\/?p=39828"},"modified":"2026-04-27T05:31:28","modified_gmt":"2026-04-27T08:31:28","slug":"nota-de-esclarecimento-diario-oficial-do-df-publica-ldo-com-verba-destinada-para-a-isonomia-dos-enfermeiros","status":"publish","type":"post","link":"https:\/\/sindenfermeiro.com.br\/index.php\/2020\/05\/27\/nota-de-esclarecimento-diario-oficial-do-df-publica-ldo-com-verba-destinada-para-a-isonomia-dos-enfermeiros\/","title":{"rendered":"NOTA DE ESCLARECIMENTO: Di\u00e1rio Oficial do DF publica LDO com verba destinada para a isonomia dos enfermeiros"},"content":{"rendered":"<p style=\"text-align: justify\">Foi publicada no Di\u00e1rio Oficial do Distrito Federal (DODF) nesta quarta-feira (27) a Lei de Diretrizes Or\u00e7ament\u00e1rias (LDO) em que consta a destina\u00e7\u00e3o de verba no or\u00e7amento do DF para a equipara\u00e7\u00e3o salarial dos enfermeiros da Secretaria de Sa\u00fade com os odont\u00f3logos. A LDO estabelece quais ser\u00e3o as metas e prioridades para o ano seguinte.<\/p>\n<p style=\"text-align: justify\">No entanto, para que essa equipara\u00e7\u00e3o aconte\u00e7a, \u00e9 necess\u00e1rio que o Poder Executivo envie um projeto de reestrutura\u00e7\u00e3o na carreira dos enfermeiros para a C\u00e2mara Legislativa. A isonomia salarial dos enfermeiros com os odont\u00f3logos \u00e9 uma luta antiga do Sindicato dos Enfermeiros do DF. O sindicato j\u00e1 apresentou diversos estudos e levantamentos aos parlamentares sobre o impacto que a equipara\u00e7\u00e3o salarial ter\u00e1 na folha de pagamento para o GDF.<\/p>\n<p style=\"text-align: justify\">O SindEnfermeiro-DF tem feito h\u00e1 muito tempo, tratativas diretas com o governo e pede que o Poder Executivo encaminhe o mais r\u00e1pido poss\u00edvel o projeto para a CLDF. Pedimos aos enfermeiros que, atrav\u00e9s das redes sociais do governador Ibaneis Rocha e do secret\u00e1rio de Sa\u00fade Francisco Ara\u00fajo, pe\u00e7am o encaminhamento do projeto \u00e0 CLDF, tendo em vista que, os enfermeiros s\u00e3o essenciais para a estrutura\u00e7\u00e3o dos servi\u00e7os e s\u00e3o um dos pilares do Sistema \u00danico de Sa\u00fade. Na pandemia, os enfermeiros se mostraram pe\u00e7as fundamentais na luta contra a Covid-19.<\/p>\n","protected":false},"excerpt":{"rendered":"<p>Foi publicada no Di\u00e1rio Oficial do Distrito Federal (DODF) nesta quarta-feira (27) a Lei de Diretrizes Or\u00e7ament\u00e1rias (LDO) em que consta a destina\u00e7\u00e3o de verba no or\u00e7amento do DF para a equipara\u00e7\u00e3o salarial dos enfermeiros da Secretaria de Sa\u00fade com os odont\u00f3logos. A LDO estabelece quais ser\u00e3o as metas e prioridades para o ano seguinte. [&hellip;]<\/p>\n","protected":false},"author":6,"featured_media":39829,"comment_status":"open","ping_status":"open","sticky":false,"template":"","format":"standard","meta":{"footnotes":""},"categories":[6,5],"tags":[7,8,102,21],"class_list":["post-39828","post","type-post","status-publish","format-standard","has-post-thumbnail","hentry","category-noticias","category-rede-publica","tag-enfermagem","tag-ibaneis-rocha","tag-isonomia","tag-sindenfermeiro"],"_links":{"self":[{"href":"https:\/\/sindenfermeiro.com.br\/index.php\/wp-json\/wp\/v2\/posts\/39828","targetHints":{"allow":["GET"]}}],"collection":[{"href":"https:\/\/sindenfermeiro.com.br\/index.php\/wp-json\/wp\/v2\/posts"}],"about":[{"href":"https:\/\/sindenfermeiro.com.br\/index.php\/wp-json\/wp\/v2\/types\/post"}],"author":[{"embeddable":true,"href":"https:\/\/sindenfermeiro.com.br\/index.php\/wp-json\/wp\/v2\/users\/6"}],"replies":[{"embeddable":true,"href":"https:\/\/sindenfermeiro.com.br\/index.php\/wp-json\/wp\/v2\/comments?post=39828"}],"version-history":[{"count":2,"href":"https:\/\/sindenfermeiro.com.br\/index.php\/wp-json\/wp\/v2\/posts\/39828\/revisions"}],"predecessor-version":[{"id":39831,"href":"https:\/\/sindenfermeiro.com.br\/index.php\/wp-json\/wp\/v2\/posts\/39828\/revisions\/39831"}],"wp:featuredmedia":[{"embeddable":true,"href":"https:\/\/sindenfermeiro.com.br\/index.php\/wp-json\/wp\/v2\/media\/39829"}],"wp:attachment":[{"href":"https:\/\/sindenfermeiro.com.br\/index.php\/wp-json\/wp\/v2\/media?parent=39828"}],"wp:term":[{"taxonomy":"category","embeddable":true,"href":"https:\/\/sindenfermeiro.com.br\/index.php\/wp-json\/wp\/v2\/categories?post=39828"},{"taxonomy":"post_tag","embeddable":true,"href":"https:\/\/sindenfermeiro.com.br\/index.php\/wp-json\/wp\/v2\/tags?post=39828"}],"curies":[{"name":"wp","href":"https:\/\/api.w.org\/{rel}","templated":true}]}}