{"id":39822,"date":"2020-05-27T11:56:54","date_gmt":"2020-05-27T14:56:54","guid":{"rendered":"https:\/\/sindenfermeiro.com.br\/?p=39822"},"modified":"2026-04-27T05:27:05","modified_gmt":"2026-04-27T08:27:05","slug":"mes-da-enfermagem-perfil-gerusa-amaral","status":"publish","type":"post","link":"https:\/\/sindenfermeiro.com.br\/index.php\/2020\/05\/27\/mes-da-enfermagem-perfil-gerusa-amaral\/","title":{"rendered":"M\u00eas da Enfermagem &#8211; Perfil: Gerusa Amaral"},"content":{"rendered":"<p style=\"text-align: justify\"><strong>Voc\u00ea \u00e9 o SindEnfermeiro&#8230;<\/strong><\/p>\n<p style=\"text-align: justify\">\u201cSou feliz e realizada por ser enfermeira obst\u00e9trica\u201d essa \u00e9 a resposta que a Gerusa Amaral de Medeiros d\u00e1 quando perguntada o que a enfermagem e a obstetr\u00edcia representam para ela. Casada h\u00e1 50 anos e m\u00e3e de dois filhos, Gerusa se formou em enfermagem em 1993 pela Universidade de Bras\u00edlia, na \u00e9poca com 40 anos. Hoje com 66, atua como enfermeira da Secretaria de Sa\u00fade desde 1996 e tem um curr\u00edculo de causar inveja.<\/p>\n<p style=\"text-align: justify\">Especialista em Educa\u00e7\u00e3o Sexual e Obstetr\u00edcia pela Associa\u00e7\u00e3o Brasileira de Obstetrizes\u00a0e Enfermeiros Obstetras (ABENFO Nacional), j\u00e1 trabalhou nos centros obst\u00e9tricos do Hospital Regional da Ceil\u00e2ndia e Hospital Materno Infantil de Bras\u00edlia e j\u00e1 foi coordenadora da Casa de Parto de S\u00e3o Sebasti\u00e3o, dedicando sua carreira \u00e0s futuras m\u00e3es e seus filhos.<\/p>\n<p style=\"text-align: justify\">Ex-bolsista da Ag\u00eancia de Coopera\u00e7\u00e3o da Internacional do Jap\u00e3o (JICA), Gerusa participou do Curso de Humaniza\u00e7\u00e3o do Parto e Nascimento nas Casas de parto do Jap\u00e3o. Na ocasi\u00e3o, ela e outras 50 enfermeiras obst\u00e9tricas viajaram para o pa\u00eds e foram treinadas para serem multiplicadora do modelo assistencial japon\u00eas no Brasil. Esse foi um projeto do Minist\u00e9rio da Sa\u00fade com a embaixada do Jap\u00e3o e a JICA.<\/p>\n<p style=\"text-align: justify\">Aos que sonham ingressar em resid\u00eancias em enfermagem, Gerusa fez parte do grupo que idealizou esse projeto para a SES-DF nos 2000, onde atua como preceptora da resid\u00eancia em enfermagem obst\u00e9trica. Hoje, \u00e9 enfermeira do centro obst\u00e9trico do Hospital Regional da Asa Norte e preside a ABENFO-DF.<\/p>\n<p style=\"text-align: justify\">\n<p style=\"text-align: justify\"><strong>Desde cedo o desejo por cuidar<\/strong><\/p>\n<p style=\"text-align: justify\">\u201cDesde crian\u00e7a desejava cuidar de pessoas doentes. Na UnB, minha professora de obstetr\u00edcia me conquistou para a enfermagem obst\u00e9trica. Me realizo todos os dias ao lado das mulheres que passam por minha vida\u201d, conta. A professora em quest\u00e3o \u00e9 Matilde Silvia Penaloza Lobos considerada uma das matronas da enfermagem obst\u00e9trica no Brasil. Gerusa tamb\u00e9m teve como professora, Mar\u00edlia Largura, enfermeira obst\u00e9trica e criadora da banqueta para partos.<\/p>\n<p style=\"text-align: justify\">\u201c\u00c9 realizador assistir ex-residentes que passaram pela SES hoje trabalhando na assist\u00eancia no pr\u00e9-natal, parto e nascimento. Muitas s\u00e3o empres\u00e1rias na \u00e1rea ou trabalham no SUS, prestando um cuidado respeitoso e de qualidade \u00e0s mulheres no per\u00edodo gr\u00e1vido e p\u00f3s-parto, para seus beb\u00eas e familiares\u201d afirma. Quando questionada sobre a quantidade de crian\u00e7as que ajudou a trazer ao mundo, Gerusa perde a conta, pois s\u00e3o quase 25 anos na enfermagem obst\u00e9trica da Secretaria de Sa\u00fade do DF.<\/p>\n<p style=\"text-align: justify\"><strong>Oscar da enfermagem<\/strong><\/p>\n<p style=\"text-align: justify\">Tanta dedica\u00e7\u00e3o \u00e0 enfermagem obst\u00e9trica rendeu \u00e0 Gerusa o Pr\u00eamio Anna Nery, no Congresso Brasileiro dos Conselhos Regionais de Enfermagem de 2018. Considerado o Oscar da enfermagem, o pr\u00eamio \u00e9 concedido pelo Conselho Federal de Enfermagem a profissionais que tenham se destacado pelo exerc\u00edcio profissional exemplar. \u201cFoi uma honra representar a enfermagem obst\u00e9trica do DF naquela noite, al\u00e9m de ser uma responsabilidade enorme. Foi um momento de gratid\u00e3o\u201d, relembra.<\/p>\n<p style=\"text-align: justify\">Sobre o futuro, Gerusa pretende continuar se dedicando \u00e0s m\u00e3es \u201cQuando aposentar, vou me dedicar ao cuidado com puerperas. Momento especial e sens\u00edvel, quando a mulher necessita ser cuidada e acolhida. Momento solit\u00e1rio, \u00fanico e especial, diante da fragilidade que a mulher passa\u201d, finaliza.<\/p>\n<p>&nbsp;<\/p>\n<p>&nbsp;<\/p>\n","protected":false},"excerpt":{"rendered":"<p>Voc\u00ea \u00e9 o SindEnfermeiro&#8230; \u201cSou feliz e realizada por ser enfermeira obst\u00e9trica\u201d essa \u00e9 a resposta que a Gerusa Amaral de Medeiros d\u00e1 quando perguntada o que a enfermagem e a obstetr\u00edcia representam para ela. Casada h\u00e1 50 anos e m\u00e3e de dois filhos, Gerusa se formou em enfermagem em 1993 pela Universidade de Bras\u00edlia, [&hellip;]<\/p>\n","protected":false},"author":6,"featured_media":39823,"comment_status":"open","ping_status":"open","sticky":false,"template":"","format":"standard","meta":{"footnotes":""},"categories":[6,5],"tags":[7,282,258,539,538],"class_list":["post-39822","post","type-post","status-publish","format-standard","has-post-thumbnail","hentry","category-noticias","category-rede-publica","tag-enfermagem","tag-enfermagem-obstetrica","tag-hran","tag-mes-da-enfermagm","tag-perfil"],"_links":{"self":[{"href":"https:\/\/sindenfermeiro.com.br\/index.php\/wp-json\/wp\/v2\/posts\/39822","targetHints":{"allow":["GET"]}}],"collection":[{"href":"https:\/\/sindenfermeiro.com.br\/index.php\/wp-json\/wp\/v2\/posts"}],"about":[{"href":"https:\/\/sindenfermeiro.com.br\/index.php\/wp-json\/wp\/v2\/types\/post"}],"author":[{"embeddable":true,"href":"https:\/\/sindenfermeiro.com.br\/index.php\/wp-json\/wp\/v2\/users\/6"}],"replies":[{"embeddable":true,"href":"https:\/\/sindenfermeiro.com.br\/index.php\/wp-json\/wp\/v2\/comments?post=39822"}],"version-history":[{"count":3,"href":"https:\/\/sindenfermeiro.com.br\/index.php\/wp-json\/wp\/v2\/posts\/39822\/revisions"}],"predecessor-version":[{"id":39826,"href":"https:\/\/sindenfermeiro.com.br\/index.php\/wp-json\/wp\/v2\/posts\/39822\/revisions\/39826"}],"wp:featuredmedia":[{"embeddable":true,"href":"https:\/\/sindenfermeiro.com.br\/index.php\/wp-json\/wp\/v2\/media\/39823"}],"wp:attachment":[{"href":"https:\/\/sindenfermeiro.com.br\/index.php\/wp-json\/wp\/v2\/media?parent=39822"}],"wp:term":[{"taxonomy":"category","embeddable":true,"href":"https:\/\/sindenfermeiro.com.br\/index.php\/wp-json\/wp\/v2\/categories?post=39822"},{"taxonomy":"post_tag","embeddable":true,"href":"https:\/\/sindenfermeiro.com.br\/index.php\/wp-json\/wp\/v2\/tags?post=39822"}],"curies":[{"name":"wp","href":"https:\/\/api.w.org\/{rel}","templated":true}]}}