{"id":39816,"date":"2020-05-27T10:51:50","date_gmt":"2020-05-27T13:51:50","guid":{"rendered":"https:\/\/sindenfermeiro.com.br\/?p=39816"},"modified":"2026-04-27T23:02:38","modified_gmt":"2026-04-28T02:02:38","slug":"1o-de-maio-de-2020-um-marco-para-a-enfermagem-do-brasil","status":"publish","type":"post","link":"https:\/\/sindenfermeiro.com.br\/index.php\/2020\/05\/27\/1o-de-maio-de-2020-um-marco-para-a-enfermagem-do-brasil\/","title":{"rendered":"1\u00ba de maio de 2020, um marco para a enfermagem do Brasil"},"content":{"rendered":"<p><img loading=\"lazy\" decoding=\"async\" class=\"size-medium wp-image-39817 aligncenter\" src=\"https:\/\/sindenfermeiro.com.br\/wp-content\/uploads\/2020\/05\/WhatsApp-Image-2020-05-27-at-10.19.04-300x200.jpeg\" alt=\"\" width=\"300\" height=\"200\" srcset=\"https:\/\/sindenfermeiro.com.br\/wp-content\/uploads\/2020\/05\/WhatsApp-Image-2020-05-27-at-10.19.04-300x200.jpeg 300w, https:\/\/sindenfermeiro.com.br\/wp-content\/uploads\/2020\/05\/WhatsApp-Image-2020-05-27-at-10.19.04-1024x682.jpeg 1024w, https:\/\/sindenfermeiro.com.br\/wp-content\/uploads\/2020\/05\/WhatsApp-Image-2020-05-27-at-10.19.04-768x512.jpeg 768w, https:\/\/sindenfermeiro.com.br\/wp-content\/uploads\/2020\/05\/WhatsApp-Image-2020-05-27-at-10.19.04.jpeg 1280w\" sizes=\"auto, (max-width: 300px) 100vw, 300px\" \/><\/p>\n<p style=\"text-align: justify\">Bras\u00edlia, 1\u00ba de maio de 2020. A data marca o Dia do Trabalhador em diversos pa\u00edses do mundo. No entanto, esse ano uma classe de trabalhadores ficou em evid\u00eancia: os trabalhadores da enfermagem. 2020 \u00e9 o ano em que o mundo foi assolado por um inimigo invis\u00edvel a olho nu, mas extremamente mortal, um novo tipo de coronav\u00edrus, o SARS-CoV-2.<\/p>\n<p style=\"text-align: justify\">A enfermagem \u00e9 a categoria que cuida do paciente em todos os est\u00e1gios da vida. Na pandemia de Covid-19 n\u00e3o \u00e9 diferente. Por estar na linha de frente, tamb\u00e9m s\u00e3o \u00e9 a primeira a ser atingida. Pensando em todos os profissionais da enfermagem que tinham perdido a batalha para o novo coronav\u00edrus, um grupo de enfermeiras de Bras\u00edlia decidiu fazer um protesto silencioso na Pra\u00e7a dos Tr\u00eas Poderes no Dia do Trabalhador<\/p>\n<p style=\"text-align: justify\">As enfermeiras Marcela, Leidijany e Cintia se inspiraram em colegas de profiss\u00e3o dos Estados Unidos, que foram para frente de faixas de pedestres, em sil\u00eancio, chamar a aten\u00e7\u00e3o para o n\u00famero de profissionais que estavam morrendo e para a import\u00e2ncia do isolamento social.<\/p>\n<p style=\"text-align: justify\"><strong>V\u00e1rias carreatas e a enfermagem nos hospitais lutando pela vida das pessoas<\/strong><\/p>\n<p style=\"text-align: justify\">\u201cA ideia surgiu ap\u00f3s eu ter ido algo sobre enfermeiros que estavam trabalhando nos hospitais em Denver, nos Estados Unidos, e se colocaram na frente de carreatas que solicitavam a libera\u00e7\u00e3o das restri\u00e7\u00f5es de circula\u00e7\u00e3o na cidade devido a Covid\u201d, revelou a enfermeira Cintia Tanure.<\/p>\n<p style=\"text-align: justify\">A situa\u00e7\u00e3o que Cintia relatou foi o protesto silencioso, feito por uma enfermeira e um enfermeiro que resolveram enfrentar os carros, parando em frente a alguns deles. O protesto ganhou muita visibilidade nas redes sociais e chegou a ser noticiado em diversos sites pelo mundo.<\/p>\n<p style=\"text-align: justify\">\u201cAchei absurdo&#8230; Coloquei numa das minhas redes sociais e a Marcela \u2013 Vilarim &#8211; me perguntou onde eram as manifesta\u00e7\u00f5es e come\u00e7amos a conversar sobre o assunto, sobre o quanto nos causava tristeza a enfermagem estar lutando por vidas e as pessoas na rua\u201d, relembrou Cintia.<\/p>\n<p style=\"text-align: justify\">\u201cMe causou mais indigna\u00e7\u00e3o porque nesse mesmo dia, aqui em Goi\u00e2nia passou perto do meu pr\u00e9dio uma carreata pedindo a libera\u00e7\u00e3o do comercio. Estavam acontecendo v\u00e1rias carreatas dessas no pa\u00eds e a enfermagem trancada nos hospitais lutando pela vida das pessoas\u201d, finaliza.<\/p>\n<p style=\"text-align: justify\"><strong>Dia do Trabalhador, uma data simb\u00f3lica<\/strong><\/p>\n<p style=\"text-align: justify\">De acordo com Leidijany Paz, uma das idealizadoras do ato, a escolha da data n\u00e3o foi por acaso, uma vez que aquele era um dia muito simb\u00f3lico. \u201cN\u00f3s est\u00e1vamos vivendo uma expans\u00e3o do adoecimento dos trabalhadores, nossos colegas indo a \u00f3bito e principalmente as condi\u00e7\u00f5es que eles estavam enfrentando\u201d, destacou a enfermeira.<\/p>\n<p style=\"text-align: justify\">Depois do surgimento da ideia, era necess\u00e1rio coloc\u00e1-la em pr\u00e1tica. Foi ent\u00e3o que as profissionais entraram em contato com diversas institui\u00e7\u00f5es, entre elas o SindEnfermeiro e o COREN. \u201cContamos com a ajuda dessas institui\u00e7\u00f5es e elas nos deram diversas sugest\u00f5es. N\u00f3s acredit\u00e1vamos que ir\u00edamos fazer um movimento bonito, que esses \u00f3rg\u00e3os que nos ajudaram iriam fazer a divulga\u00e7\u00e3o do ato entre a categoria, e talvez na m\u00eddia local\u201d, completou Leidijany.<\/p>\n<p style=\"text-align: justify\"><strong>Agress\u00f5es contra os manifestantes <\/strong><\/p>\n<p style=\"text-align: justify\">O que nenhuma das idealizadoras do ato podia esperar era a atitude de apoiadores do presidente Jair Bolsonaro. Durante a manifesta\u00e7\u00e3o silenciosa, enfermeiras, enfermeiros e t\u00e9cnicos de enfermagem seguraram cruzes e tinham o nome das 60 v\u00edtimas da Covid \u2013 at\u00e9 aquele dia. At\u00e9 que o sil\u00eancio foi quebrado por xingamentos, amea\u00e7as e agress\u00f5es f\u00edsicas e verbais por parte dos defensores do presidente.<\/p>\n<p style=\"text-align: justify\">\u201cEsperava sim que o ato fosse mostrado, mas pelo que ele representava e n\u00e3o pelas agress\u00f5es espont\u00e2neas que meus colegas receberam. Queria que a nossa visibilidade fosse devido ao ato, mas infelizmente foi por conta de pessoas que n\u00e3o entenderam nada do que estava acontecendo, e resolveram repudiar. As not\u00edcias tiveram um alcance enorme e a enfermagem foi divulgada, mas associada a agress\u00f5es e isso me deixou profundamente triste\u201d, pontuou C\u00edntia.<\/p>\n<p style=\"text-align: justify\">O Ato do Dia do Trabalhador pode ser considerado um marco na hist\u00f3ria da enfermagem brasileira. Para Leidijany, essa \u00e9 uma mem\u00f3ria que ela vai guardar para o resto da vida. \u201cNunca imaginei a repercuss\u00e3o dessa manifesta\u00e7\u00e3o. Cada uma daquelas pessoas que n\u00f3s homenageamos \u00e9 a ponta do iceberg, e representam os profissionais que o Brasil perdeu. O ato foi um marco hist\u00f3rico para o pa\u00eds e para a minha forma\u00e7\u00e3o. Apesar das agress\u00f5es, foi bonito e marcante\u201d, finalizou.<\/p>\n<p style=\"text-align: justify\">Depois dessa manifesta\u00e7\u00e3o diversas categorias, influenciadas pela enfermagem, tamb\u00e9m fizeram manifesta\u00e7\u00f5es por outras partes do Brasil. Trabalhadores que tamb\u00e9m foram afetados pela pandemia de Covid, usaram o ato do Dia do Trabalhador como exemplo e fizeram seus protestos.<\/p>\n<p style=\"text-align: justify\">As agress\u00f5es sofridas pelas trabalhadoras e trabalhadores no dia do ato, ganharam o notici\u00e1rio local, nacional e internacional. Jornais e revistas de todo o pa\u00eds noticiaram a viol\u00eancia contra os profissionais que est\u00e3o na linha de frente contra o novo coronav\u00edrus. No entanto, o debate sobre a desvaloriza\u00e7\u00e3o da enfermagem come\u00e7ou a ser debatido pela m\u00eddia. Programas de televis\u00e3o come\u00e7aram a falar sobre a falta de piso salarial da categoria, jornada de trabalho n\u00e3o regulamentada, falta de equipamentos de prote\u00e7\u00e3o&#8230;<\/p>\n<p style=\"text-align: justify\">Os movimentos #LuteComoUmaEnfermeira e #EnfermagemEuValorizo ganharam as redes sociais e foram compartilhados por cantores, atrizes e atores e diversas celebridades que chamou a aten\u00e7\u00e3o para a falta de valoriza\u00e7\u00e3o da enfermagem no Brasil.<\/p>\n","protected":false},"excerpt":{"rendered":"<p>Bras\u00edlia, 1\u00ba de maio de 2020. A data marca o Dia do Trabalhador em diversos pa\u00edses do mundo. No entanto, esse ano uma classe de trabalhadores ficou em evid\u00eancia: os trabalhadores da enfermagem. 2020 \u00e9 o ano em que o mundo foi assolado por um inimigo invis\u00edvel a olho nu, mas extremamente mortal, um novo [&hellip;]<\/p>\n","protected":false},"author":6,"featured_media":39817,"comment_status":"open","ping_status":"open","sticky":false,"template":"","format":"standard","meta":{"footnotes":""},"categories":[6,13,5],"tags":[516,242,7,21,172],"class_list":["post-39816","post","type-post","status-publish","format-standard","has-post-thumbnail","hentry","category-noticias","category-rede-privada","category-rede-publica","tag-ato-1o-de-maio","tag-bolsonaro","tag-enfermagem","tag-sindenfermeiro","tag-sindicato-dos-enfermeiros-do-distrito-federal"],"_links":{"self":[{"href":"https:\/\/sindenfermeiro.com.br\/index.php\/wp-json\/wp\/v2\/posts\/39816","targetHints":{"allow":["GET"]}}],"collection":[{"href":"https:\/\/sindenfermeiro.com.br\/index.php\/wp-json\/wp\/v2\/posts"}],"about":[{"href":"https:\/\/sindenfermeiro.com.br\/index.php\/wp-json\/wp\/v2\/types\/post"}],"author":[{"embeddable":true,"href":"https:\/\/sindenfermeiro.com.br\/index.php\/wp-json\/wp\/v2\/users\/6"}],"replies":[{"embeddable":true,"href":"https:\/\/sindenfermeiro.com.br\/index.php\/wp-json\/wp\/v2\/comments?post=39816"}],"version-history":[{"count":4,"href":"https:\/\/sindenfermeiro.com.br\/index.php\/wp-json\/wp\/v2\/posts\/39816\/revisions"}],"predecessor-version":[{"id":39821,"href":"https:\/\/sindenfermeiro.com.br\/index.php\/wp-json\/wp\/v2\/posts\/39816\/revisions\/39821"}],"wp:featuredmedia":[{"embeddable":true,"href":"https:\/\/sindenfermeiro.com.br\/index.php\/wp-json\/wp\/v2\/media\/39817"}],"wp:attachment":[{"href":"https:\/\/sindenfermeiro.com.br\/index.php\/wp-json\/wp\/v2\/media?parent=39816"}],"wp:term":[{"taxonomy":"category","embeddable":true,"href":"https:\/\/sindenfermeiro.com.br\/index.php\/wp-json\/wp\/v2\/categories?post=39816"},{"taxonomy":"post_tag","embeddable":true,"href":"https:\/\/sindenfermeiro.com.br\/index.php\/wp-json\/wp\/v2\/tags?post=39816"}],"curies":[{"name":"wp","href":"https:\/\/api.w.org\/{rel}","templated":true}]}}