{"id":39811,"date":"2020-05-26T14:42:10","date_gmt":"2020-05-26T17:42:10","guid":{"rendered":"https:\/\/sindenfermeiro.com.br\/?p=39811"},"modified":"2026-04-26T22:06:20","modified_gmt":"2026-04-27T01:06:20","slug":"acao-conjunta-contra-a-covid-19-visita-hospital-de-campanha-do-mane-garrincha-para-averiguar-condicoes-de-trabalho","status":"publish","type":"post","link":"https:\/\/sindenfermeiro.com.br\/index.php\/2020\/05\/26\/acao-conjunta-contra-a-covid-19-visita-hospital-de-campanha-do-mane-garrincha-para-averiguar-condicoes-de-trabalho\/","title":{"rendered":"A\u00e7\u00e3o Conjunta contra a Covid-19 visita Hospital de Campanha do Man\u00e9 Garrincha para averiguar condi\u00e7\u00f5es de trabalho"},"content":{"rendered":"<p><img loading=\"lazy\" decoding=\"async\" class=\"aligncenter wp-image-39812 \" src=\"https:\/\/sindenfermeiro.com.br\/wp-content\/uploads\/2020\/05\/WhatsApp-Image-2020-05-26-at-12.24.19-1024x770.jpeg\" alt=\"\" width=\"525\" height=\"394\" srcset=\"https:\/\/sindenfermeiro.com.br\/wp-content\/uploads\/2020\/05\/WhatsApp-Image-2020-05-26-at-12.24.19-1024x770.jpeg 1024w, https:\/\/sindenfermeiro.com.br\/wp-content\/uploads\/2020\/05\/WhatsApp-Image-2020-05-26-at-12.24.19-300x225.jpeg 300w, https:\/\/sindenfermeiro.com.br\/wp-content\/uploads\/2020\/05\/WhatsApp-Image-2020-05-26-at-12.24.19-768x577.jpeg 768w, https:\/\/sindenfermeiro.com.br\/wp-content\/uploads\/2020\/05\/WhatsApp-Image-2020-05-26-at-12.24.19.jpeg 1280w\" sizes=\"auto, (max-width: 525px) 100vw, 525px\" \/><\/p>\n<p>Nesta ter\u00e7a (26), a A\u00e7\u00e3o Conjunta Covid-19 \u2013 iniciativa que re\u00fane SindEnfermeiro-DF, SindEnfermeiro-DF, COREN-DF, ABEn-DF, OAB-DF, CRP-DF, Conselho Regional de Sa\u00fade de Bras\u00edlia, Comiss\u00e3o de Sa\u00fade do DF e a Comiss\u00e3o de Direitos Humanos da C\u00e2mara Legislativa \u2013 esteve no Hospital de Campanha do Man\u00e9 Garrincha para averiguar as condi\u00e7\u00f5es de trabalho dos profissionais de sa\u00fade.<\/p>\n<p>O grupo esteve na unidade para acompanhar os fluxos de atendimento e a retaguarda dos servi\u00e7os, bem como a disponibilidade dos equipamentos de prote\u00e7\u00e3o individual (EPIs) e quest\u00f5es relacionadas \u00e0 seguran\u00e7a dos profissionais.<\/p>\n<p>Durante a visita, foi constatado que o hospital \u2013 designado para atender pacientes de baixa e m\u00e9dia complexidade com o diagn\u00f3stico positivo do coronav\u00edrus, e que n\u00e3o possui leitos de UTI \u2013 n\u00e3o est\u00e1 em pleno funcionamento, visto que apenas 10% dos leitos dispon\u00edveis est\u00e3o ocupados. A unidade tamb\u00e9m possui boa disponibilidade de equipamentos e os fluxos de atendimento tamb\u00e9m se encontram bem definidos. No entanto, foi constatado que os equipamentos e outros materiais \u2013 que est\u00e3o sob responsabilidade da Secretaria de Sa\u00fade (SES-DF) \u2013 n\u00e3o passaram pelo processo de balan\u00e7o patrimonial, o que dificulta o controle para a devolu\u00e7\u00e3o dos equipamentos \u00e0 rede.<\/p>\n<p>Al\u00e9m disso, foi constatado que os profissionais que atuam nas \u00e1reas de seguran\u00e7a e limpeza tamb\u00e9m s\u00e3o ligados \u00e0 pasta, mas n\u00e3o existem informa\u00e7\u00f5es sobre o pagamento de aditivos nas novas contrata\u00e7\u00f5es feitas pela empresa respons\u00e1vel, ou se esses profissionais foram apenas realocados de outras unidades para o hospital de campanha &#8211; visto que a empresa contratada t\u00eam sido alvo de reclama\u00e7\u00f5es pelo servi\u00e7o prestado.<\/p>\n<p><strong>Encaminhamentos<\/strong><\/p>\n<p>Um dos protocolos do Hospital de Campanha do Man\u00e9 Garrincha prev\u00ea que somente pacientes que est\u00e3o internados no Hospital Regional da Asa Norte (HRAN) podem ser encaminhados para a unidade. Segundo Dayse, a medida gera preocupa\u00e7\u00e3o por dificultar o acesso dos hospitais localizados nas periferias \u2013 que est\u00e3o pr\u00f3ximos da superlota\u00e7\u00e3o \u2013 aos leitos no est\u00e1dio.<\/p>\n<p>\u201cEstamos preocupados porque com essa restri\u00e7\u00e3o, os hospitais regionais que est\u00e3o mais afastados encontram maiores dificuldades para encaminhar pacientes ao hospital de campanha \u2013 que ainda possui muitos leitos dispon\u00edveis. Existem muitos pacientes com necessidade de assist\u00eancia \u00e0 Covid que est\u00e3o nos hospitais de outras regi\u00f5es administrativas aguardando por um leito no HRAN, que j\u00e1 est\u00e1 cheio\u201d, afirmou.<\/p>\n<p><strong>Uni\u00e3o contra a pandemia<\/strong><\/p>\n<p>Al\u00e9m de visitar unidades de sa\u00fade do DF, a A\u00e7\u00e3o Conjunta Covid-19 tem como objetivo uma s\u00e9rie de atividades, entre elas mediar doa\u00e7\u00f5es de equipamentos de prote\u00e7\u00e3o individual aos profissionais que est\u00e3o na linha de frente contra o novo coronav\u00edrus e averiguar quest\u00f5es que dizem respeito aos direitos humanos e dos trabalhadores.<\/p>\n","protected":false},"excerpt":{"rendered":"<p>Nesta ter\u00e7a (26), a A\u00e7\u00e3o Conjunta Covid-19 \u2013 iniciativa que re\u00fane SindEnfermeiro-DF, SindEnfermeiro-DF, COREN-DF, ABEn-DF, OAB-DF, CRP-DF, Conselho Regional de Sa\u00fade de Bras\u00edlia, Comiss\u00e3o de Sa\u00fade do DF e a Comiss\u00e3o de Direitos Humanos da C\u00e2mara Legislativa \u2013 esteve no Hospital de Campanha do Man\u00e9 Garrincha para averiguar as condi\u00e7\u00f5es de trabalho dos profissionais de [&hellip;]<\/p>\n","protected":false},"author":6,"featured_media":39812,"comment_status":"open","ping_status":"open","sticky":false,"template":"","format":"standard","meta":{"footnotes":""},"categories":[6,13,5],"tags":[502,454,536,537],"class_list":["post-39811","post","type-post","status-publish","format-standard","has-post-thumbnail","hentry","category-noticias","category-rede-privada","category-rede-publica","tag-acao-conjunta","tag-covid-19","tag-hospital-de-campanha","tag-mane-garrincha"],"_links":{"self":[{"href":"https:\/\/sindenfermeiro.com.br\/index.php\/wp-json\/wp\/v2\/posts\/39811","targetHints":{"allow":["GET"]}}],"collection":[{"href":"https:\/\/sindenfermeiro.com.br\/index.php\/wp-json\/wp\/v2\/posts"}],"about":[{"href":"https:\/\/sindenfermeiro.com.br\/index.php\/wp-json\/wp\/v2\/types\/post"}],"author":[{"embeddable":true,"href":"https:\/\/sindenfermeiro.com.br\/index.php\/wp-json\/wp\/v2\/users\/6"}],"replies":[{"embeddable":true,"href":"https:\/\/sindenfermeiro.com.br\/index.php\/wp-json\/wp\/v2\/comments?post=39811"}],"version-history":[{"count":3,"href":"https:\/\/sindenfermeiro.com.br\/index.php\/wp-json\/wp\/v2\/posts\/39811\/revisions"}],"predecessor-version":[{"id":39815,"href":"https:\/\/sindenfermeiro.com.br\/index.php\/wp-json\/wp\/v2\/posts\/39811\/revisions\/39815"}],"wp:featuredmedia":[{"embeddable":true,"href":"https:\/\/sindenfermeiro.com.br\/index.php\/wp-json\/wp\/v2\/media\/39812"}],"wp:attachment":[{"href":"https:\/\/sindenfermeiro.com.br\/index.php\/wp-json\/wp\/v2\/media?parent=39811"}],"wp:term":[{"taxonomy":"category","embeddable":true,"href":"https:\/\/sindenfermeiro.com.br\/index.php\/wp-json\/wp\/v2\/categories?post=39811"},{"taxonomy":"post_tag","embeddable":true,"href":"https:\/\/sindenfermeiro.com.br\/index.php\/wp-json\/wp\/v2\/tags?post=39811"}],"curies":[{"name":"wp","href":"https:\/\/api.w.org\/{rel}","templated":true}]}}