{"id":39806,"date":"2020-05-25T16:16:33","date_gmt":"2020-05-25T19:16:33","guid":{"rendered":"https:\/\/sindenfermeiro.com.br\/?p=39806"},"modified":"2026-04-26T22:05:28","modified_gmt":"2026-04-27T01:05:28","slug":"profissionais-de-saude-cartilha-da-acao-conjunta-covid-19-traz-orientacoes-para-trabalhadores","status":"publish","type":"post","link":"https:\/\/sindenfermeiro.com.br\/index.php\/2020\/05\/25\/profissionais-de-saude-cartilha-da-acao-conjunta-covid-19-traz-orientacoes-para-trabalhadores\/","title":{"rendered":"Profissionais de sa\u00fade: cartilha da A\u00e7\u00e3o Conjunta Covid-19 traz orienta\u00e7\u00f5es para trabalhadores"},"content":{"rendered":"<p><img loading=\"lazy\" decoding=\"async\" class=\"aligncenter wp-image-39808 \" src=\"https:\/\/sindenfermeiro.com.br\/wp-content\/uploads\/2020\/05\/CAPA-2-1024x831.jpg\" alt=\"\" width=\"648\" height=\"526\" srcset=\"https:\/\/sindenfermeiro.com.br\/wp-content\/uploads\/2020\/05\/CAPA-2-1024x831.jpg 1024w, https:\/\/sindenfermeiro.com.br\/wp-content\/uploads\/2020\/05\/CAPA-2-300x244.jpg 300w, https:\/\/sindenfermeiro.com.br\/wp-content\/uploads\/2020\/05\/CAPA-2-768x623.jpg 768w, https:\/\/sindenfermeiro.com.br\/wp-content\/uploads\/2020\/05\/CAPA-2-1536x1247.jpg 1536w, https:\/\/sindenfermeiro.com.br\/wp-content\/uploads\/2020\/05\/CAPA-2.jpg 1748w\" sizes=\"auto, (max-width: 648px) 100vw, 648px\" \/><\/p>\n<p>A A\u00e7\u00e3o Conjunta Covid-19, iniciativa que re\u00fane SindEnfermeiro-DF, OAB-DF, Coren, ABEn-DF, CRP-DF, CRM-DF, Conselho Regional de Sa\u00fade de Bras\u00edlia, Conselho de Sa\u00fade do DF e a Comiss\u00e3o de Direitos Humanos da CLDF, preparou uma cartilha para orientar os profissionais de sa\u00fade que atuam na linha de frente no combate ao coronav\u00edrus.<\/p>\n<p>O documento traz orienta\u00e7\u00f5es direcionadas a v\u00e1rios tipos de profissionais, como aqueles que trabalham em home care e cuidadores de idosos, al\u00e9m de orienta\u00e7\u00f5es sobre os Equipamentos de Prote\u00e7\u00e3o Individual (EPIs) e todos os direitos que devem ser assegurados aos trabalhadores.<\/p>\n<p><strong>Voc\u00ea pode conferir a cartilha clicando <a href=\"https:\/\/issuu.com\/ascomsindenfermeirodf\/docs\/profissionais_de_sa_de_e_o_coronav_rus\">AQUI<\/a>.<\/strong><\/p>\n","protected":false},"excerpt":{"rendered":"<p>A A\u00e7\u00e3o Conjunta Covid-19, iniciativa que re\u00fane SindEnfermeiro-DF, OAB-DF, Coren, ABEn-DF, CRP-DF, CRM-DF, Conselho Regional de Sa\u00fade de Bras\u00edlia, Conselho de Sa\u00fade do DF e a Comiss\u00e3o de Direitos Humanos da CLDF, preparou uma cartilha para orientar os profissionais de sa\u00fade que atuam na linha de frente no combate ao coronav\u00edrus. O documento traz orienta\u00e7\u00f5es [&hellip;]<\/p>\n","protected":false},"author":6,"featured_media":39808,"comment_status":"open","ping_status":"open","sticky":false,"template":"","format":"standard","meta":{"footnotes":""},"categories":[6,13,5],"tags":[502,372,454,473],"class_list":["post-39806","post","type-post","status-publish","format-standard","has-post-thumbnail","hentry","category-noticias","category-rede-privada","category-rede-publica","tag-acao-conjunta","tag-cartilha","tag-covid-19","tag-profissionais-de-saude"],"_links":{"self":[{"href":"https:\/\/sindenfermeiro.com.br\/index.php\/wp-json\/wp\/v2\/posts\/39806","targetHints":{"allow":["GET"]}}],"collection":[{"href":"https:\/\/sindenfermeiro.com.br\/index.php\/wp-json\/wp\/v2\/posts"}],"about":[{"href":"https:\/\/sindenfermeiro.com.br\/index.php\/wp-json\/wp\/v2\/types\/post"}],"author":[{"embeddable":true,"href":"https:\/\/sindenfermeiro.com.br\/index.php\/wp-json\/wp\/v2\/users\/6"}],"replies":[{"embeddable":true,"href":"https:\/\/sindenfermeiro.com.br\/index.php\/wp-json\/wp\/v2\/comments?post=39806"}],"version-history":[{"count":1,"href":"https:\/\/sindenfermeiro.com.br\/index.php\/wp-json\/wp\/v2\/posts\/39806\/revisions"}],"predecessor-version":[{"id":39809,"href":"https:\/\/sindenfermeiro.com.br\/index.php\/wp-json\/wp\/v2\/posts\/39806\/revisions\/39809"}],"wp:featuredmedia":[{"embeddable":true,"href":"https:\/\/sindenfermeiro.com.br\/index.php\/wp-json\/wp\/v2\/media\/39808"}],"wp:attachment":[{"href":"https:\/\/sindenfermeiro.com.br\/index.php\/wp-json\/wp\/v2\/media?parent=39806"}],"wp:term":[{"taxonomy":"category","embeddable":true,"href":"https:\/\/sindenfermeiro.com.br\/index.php\/wp-json\/wp\/v2\/categories?post=39806"},{"taxonomy":"post_tag","embeddable":true,"href":"https:\/\/sindenfermeiro.com.br\/index.php\/wp-json\/wp\/v2\/tags?post=39806"}],"curies":[{"name":"wp","href":"https:\/\/api.w.org\/{rel}","templated":true}]}}