{"id":39802,"date":"2020-05-25T16:14:41","date_gmt":"2020-05-25T19:14:41","guid":{"rendered":"https:\/\/sindenfermeiro.com.br\/?p=39802"},"modified":"2026-04-26T22:03:51","modified_gmt":"2026-04-27T01:03:51","slug":"cartilha-da-acao-conjunta-covid-19-busca-orientar-pacientes-sobre-seus-direitos","status":"publish","type":"post","link":"https:\/\/sindenfermeiro.com.br\/index.php\/2020\/05\/25\/cartilha-da-acao-conjunta-covid-19-busca-orientar-pacientes-sobre-seus-direitos\/","title":{"rendered":"Cartilha da A\u00e7\u00e3o Conjunta Covid-19 busca orientar pacientes sobre seus direitos"},"content":{"rendered":"<p><img loading=\"lazy\" decoding=\"async\" class=\"aligncenter wp-image-39804 \" src=\"https:\/\/sindenfermeiro.com.br\/wp-content\/uploads\/2020\/05\/CAPA-1024x631.jpg\" alt=\"\" width=\"622\" height=\"384\" srcset=\"https:\/\/sindenfermeiro.com.br\/wp-content\/uploads\/2020\/05\/CAPA-1024x631.jpg 1024w, https:\/\/sindenfermeiro.com.br\/wp-content\/uploads\/2020\/05\/CAPA-300x185.jpg 300w, https:\/\/sindenfermeiro.com.br\/wp-content\/uploads\/2020\/05\/CAPA-768x473.jpg 768w, https:\/\/sindenfermeiro.com.br\/wp-content\/uploads\/2020\/05\/CAPA-1536x946.jpg 1536w, https:\/\/sindenfermeiro.com.br\/wp-content\/uploads\/2020\/05\/CAPA.jpg 1748w\" sizes=\"auto, (max-width: 622px) 100vw, 622px\" \/><\/p>\n<p><strong>Voc\u00ea sabe quais s\u00e3o os seus direitos em caso de uma interna\u00e7\u00e3o?<\/strong><\/p>\n<p>A A\u00e7\u00e3o Conjunta Covid-19, iniciativa que re\u00fane SindEnfermeiro-DF, OAB-DF, Coren, ABEn-DF, Conselho Regional de Sa\u00fade de Bras\u00edlia, Conselho de Sa\u00fade do DF, Defensoria P\u00fablica e a Comiss\u00e3o de Direitos Humanos da CLDF, preparou uma cartilha para orientar a popula\u00e7\u00e3o sobre os seus direitos durante a interna\u00e7\u00e3o nas unidades de sa\u00fade.<\/p>\n<p>Temas como cobertura dos planos de sau\u0301de, prazos de atendimento, direitos a exames e tratamentos e o acesso ao Sistema U\u0301nico de Sau\u0301de (SUS) s\u00e3o abordados de maneira did\u00e1tica, para garantir que a popula\u00e7\u00e3o possa ter acesso \u00e0 informa\u00e7\u00e3o r\u00e1pida e objetiva nesse momento.<\/p>\n<p><strong>Voc\u00ea pode conferir a cartilha clicando <a href=\"https:\/\/issuu.com\/ascomsindenfermeirodf\/docs\/covid_19_direitos_dos_pacientes\">AQUI<\/a>.<\/strong><\/p>\n","protected":false},"excerpt":{"rendered":"<p>Voc\u00ea sabe quais s\u00e3o os seus direitos em caso de uma interna\u00e7\u00e3o? A A\u00e7\u00e3o Conjunta Covid-19, iniciativa que re\u00fane SindEnfermeiro-DF, OAB-DF, Coren, ABEn-DF, Conselho Regional de Sa\u00fade de Bras\u00edlia, Conselho de Sa\u00fade do DF, Defensoria P\u00fablica e a Comiss\u00e3o de Direitos Humanos da CLDF, preparou uma cartilha para orientar a popula\u00e7\u00e3o sobre os seus direitos [&hellip;]<\/p>\n","protected":false},"author":6,"featured_media":39804,"comment_status":"open","ping_status":"open","sticky":false,"template":"","format":"standard","meta":{"footnotes":""},"categories":[6,13,5],"tags":[502,372,454,535],"class_list":["post-39802","post","type-post","status-publish","format-standard","has-post-thumbnail","hentry","category-noticias","category-rede-privada","category-rede-publica","tag-acao-conjunta","tag-cartilha","tag-covid-19","tag-direitos-dos-pacientes"],"_links":{"self":[{"href":"https:\/\/sindenfermeiro.com.br\/index.php\/wp-json\/wp\/v2\/posts\/39802","targetHints":{"allow":["GET"]}}],"collection":[{"href":"https:\/\/sindenfermeiro.com.br\/index.php\/wp-json\/wp\/v2\/posts"}],"about":[{"href":"https:\/\/sindenfermeiro.com.br\/index.php\/wp-json\/wp\/v2\/types\/post"}],"author":[{"embeddable":true,"href":"https:\/\/sindenfermeiro.com.br\/index.php\/wp-json\/wp\/v2\/users\/6"}],"replies":[{"embeddable":true,"href":"https:\/\/sindenfermeiro.com.br\/index.php\/wp-json\/wp\/v2\/comments?post=39802"}],"version-history":[{"count":1,"href":"https:\/\/sindenfermeiro.com.br\/index.php\/wp-json\/wp\/v2\/posts\/39802\/revisions"}],"predecessor-version":[{"id":39805,"href":"https:\/\/sindenfermeiro.com.br\/index.php\/wp-json\/wp\/v2\/posts\/39802\/revisions\/39805"}],"wp:featuredmedia":[{"embeddable":true,"href":"https:\/\/sindenfermeiro.com.br\/index.php\/wp-json\/wp\/v2\/media\/39804"}],"wp:attachment":[{"href":"https:\/\/sindenfermeiro.com.br\/index.php\/wp-json\/wp\/v2\/media?parent=39802"}],"wp:term":[{"taxonomy":"category","embeddable":true,"href":"https:\/\/sindenfermeiro.com.br\/index.php\/wp-json\/wp\/v2\/categories?post=39802"},{"taxonomy":"post_tag","embeddable":true,"href":"https:\/\/sindenfermeiro.com.br\/index.php\/wp-json\/wp\/v2\/tags?post=39802"}],"curies":[{"name":"wp","href":"https:\/\/api.w.org\/{rel}","templated":true}]}}