{"id":39799,"date":"2020-05-22T13:17:30","date_gmt":"2020-05-22T16:17:30","guid":{"rendered":"https:\/\/sindenfermeiro.com.br\/?p=39799"},"modified":"2026-04-26T23:11:17","modified_gmt":"2026-04-27T02:11:17","slug":"camara-aprova-pl-que-indeniza-familias-de-profissionais-da-saude-vitimas-do-coronavirus","status":"publish","type":"post","link":"https:\/\/sindenfermeiro.com.br\/index.php\/2020\/05\/22\/camara-aprova-pl-que-indeniza-familias-de-profissionais-da-saude-vitimas-do-coronavirus\/","title":{"rendered":"C\u00e2mara aprova PL que indeniza fam\u00edlias de profissionais da sa\u00fade v\u00edtimas do coronav\u00edrus"},"content":{"rendered":"<div id=\"attachment_39800\" style=\"width: 693px\" class=\"wp-caption aligncenter\"><img loading=\"lazy\" decoding=\"async\" aria-describedby=\"caption-attachment-39800\" class=\"wp-image-39800\" src=\"https:\/\/sindenfermeiro.com.br\/wp-content\/uploads\/2020\/05\/img20200521174531325-768x512.jpg\" alt=\"\" width=\"683\" height=\"455\" srcset=\"https:\/\/sindenfermeiro.com.br\/wp-content\/uploads\/2020\/05\/img20200521174531325-768x512.jpg 768w, https:\/\/sindenfermeiro.com.br\/wp-content\/uploads\/2020\/05\/img20200521174531325-768x512-300x200.jpg 300w\" sizes=\"auto, (max-width: 683px) 100vw, 683px\" \/><p id=\"caption-attachment-39800\" class=\"wp-caption-text\">Foto: Maryanna Oliveira\/C\u00e2mara dos Deputados<\/p><\/div>\n<p>Na \u00faltima quinta-feira (21), a C\u00e2mara dos Deputados aprovou o Projeto de Lei n\u00ba 1826\/2020, que prev\u00ea o pagamento de indeniza\u00e7\u00e3o no valor de R$ 50 mil \u00e0s fam\u00edlias dos profissionais de sa\u00fade que perderam suas vidas no combate ao coronav\u00edrus. O PL, de autoria dos deputados Reginaldo Lopes (PT-MG) e Fernanda Melchionna (PSOL-RS), tamb\u00e9m abrange os profissionais de sa\u00fade que se encontram permanentemente incapacitados de exercer suas atividades.<\/p>\n<p>O valor de R$ 50 mil ser\u00e1 isento de qualquer tributa\u00e7\u00e3o, e deve ser pago em tr\u00eas parcelas mensais, iguais e sucessivas. Em caso de morte, o valor ser\u00e1 dividido igualmente entre os dependentes e o companheiro. Al\u00e9m disso, ser\u00e1 pago o valor de R$ 10 mil para cada dependente menor de 21 anos, at\u00e9 que ele atinja tal idade. J\u00e1 para dependentes com algum tipo de defici\u00eancia, a indeniza\u00e7\u00e3o ser\u00e1 de R$ 50 mil, independentemente da idade.<\/p>\n<p>Al\u00e9m dos profissionais de sa\u00fade que atuam na linha de frente, outros grupos de trabalhadores que, mesmo na retaguarda, exercem papel fundamental no combate \u00e0 pandemia ter\u00e3o direito \u00e0 indeniza\u00e7\u00e3o. S\u00e3o eles:<\/p>\n<p>\u2022 os agentes comunit\u00e1rios de sa\u00fade ou de combate a endemias que tenham realizado visitas domiciliares durante a pandemia;<br \/>\n\u2022 profiss\u00f5es de n\u00edvel superior reconhecidas pelo Conselho Nacional de Sa\u00fade;<br \/>\n\u2022 profiss\u00f5es de n\u00edvel t\u00e9cnico ou auxiliar vinculadas \u00e0s \u00e1reas de sa\u00fade, como t\u00e9cnicos e auxiliares de enfermagem;<br \/>\n\u2022 trabalhadores que, mesmo n\u00e3o exercendo atividades-fim de sa\u00fade, ajudam a operacionalizar o atendimento, como os de servi\u00e7os administrativos e de copa, lavanderia, limpeza, seguran\u00e7a, condu\u00e7\u00e3o de ambul\u00e2ncias e outros.<\/p>\n<p><strong>Comorbidades<\/strong><\/p>\n<p>Outro ponto aprovado no projeto se refere \u00e0 concess\u00e3o do direito aos profissionais que possuem algum tipo de comorbidade que possa agravar o quadro da Covid-19. Em caso de morte, a indeniza\u00e7\u00e3o deve ser paga mesmo que o coronav\u00edrus n\u00e3o tenha sido a \u00fanica causa do falecimento.<br \/>\nEntretanto, deve ser observado o nexo temporal entre a data de in\u00edcio da doen\u00e7a e o diagn\u00f3stico, atrav\u00e9s de exames laboratoriais ou laudo m\u00e9dico que ateste quadro cl\u00ednico compat\u00edvel com a doen\u00e7a.<\/p>\n<p><strong>Afastamentos<\/strong><\/p>\n<p>O PL inclui um dispositivo que dispensa o trabalhador de apresentar ao empregado, no per\u00edodo de at\u00e9 sete dias, atestado m\u00e9dico que comprove aus\u00eancia por motivo de doen\u00e7a, sendo v\u00e1lido enquanto durar o per\u00edodo de emerg\u00eancia na sa\u00fade.<\/p>\n<p>A partir do oitavo dia, no entanto, o trabalhador dever\u00e1 apresentar como justificativa um documento de unidade do Sistema \u00fanico de Sa\u00fade ou documento eletr\u00f4nico regulamentado pelo Minist\u00e9rio da Sa\u00fade (MS).<\/p>\n<p>Com informa\u00e7\u00f5es do <a href=\"https:\/\/www.camara.leg.br\/noticias\/663565-camara-aprova-indenizacao-de-r-50-mil-a-dependentes-de-profissionais-de-saude-mortos-pela-covid-19\">Portal C\u00e2mara Not\u00edcias<\/a><\/p>\n","protected":false},"excerpt":{"rendered":"<p>Na \u00faltima quinta-feira (21), a C\u00e2mara dos Deputados aprovou o Projeto de Lei n\u00ba 1826\/2020, que prev\u00ea o pagamento de indeniza\u00e7\u00e3o no valor de R$ 50 mil \u00e0s fam\u00edlias dos profissionais de sa\u00fade que perderam suas vidas no combate ao coronav\u00edrus. O PL, de autoria dos deputados Reginaldo Lopes (PT-MG) e Fernanda Melchionna (PSOL-RS), tamb\u00e9m [&hellip;]<\/p>\n","protected":false},"author":6,"featured_media":39800,"comment_status":"open","ping_status":"open","sticky":false,"template":"","format":"standard","meta":{"footnotes":""},"categories":[6,13,5],"tags":[229,454,54,534],"class_list":["post-39799","post","type-post","status-publish","format-standard","has-post-thumbnail","hentry","category-noticias","category-rede-privada","category-rede-publica","tag-camara-dos-deputados","tag-covid-19","tag-enfermeiros","tag-indenizacao"],"_links":{"self":[{"href":"https:\/\/sindenfermeiro.com.br\/index.php\/wp-json\/wp\/v2\/posts\/39799","targetHints":{"allow":["GET"]}}],"collection":[{"href":"https:\/\/sindenfermeiro.com.br\/index.php\/wp-json\/wp\/v2\/posts"}],"about":[{"href":"https:\/\/sindenfermeiro.com.br\/index.php\/wp-json\/wp\/v2\/types\/post"}],"author":[{"embeddable":true,"href":"https:\/\/sindenfermeiro.com.br\/index.php\/wp-json\/wp\/v2\/users\/6"}],"replies":[{"embeddable":true,"href":"https:\/\/sindenfermeiro.com.br\/index.php\/wp-json\/wp\/v2\/comments?post=39799"}],"version-history":[{"count":1,"href":"https:\/\/sindenfermeiro.com.br\/index.php\/wp-json\/wp\/v2\/posts\/39799\/revisions"}],"predecessor-version":[{"id":39801,"href":"https:\/\/sindenfermeiro.com.br\/index.php\/wp-json\/wp\/v2\/posts\/39799\/revisions\/39801"}],"wp:featuredmedia":[{"embeddable":true,"href":"https:\/\/sindenfermeiro.com.br\/index.php\/wp-json\/wp\/v2\/media\/39800"}],"wp:attachment":[{"href":"https:\/\/sindenfermeiro.com.br\/index.php\/wp-json\/wp\/v2\/media?parent=39799"}],"wp:term":[{"taxonomy":"category","embeddable":true,"href":"https:\/\/sindenfermeiro.com.br\/index.php\/wp-json\/wp\/v2\/categories?post=39799"},{"taxonomy":"post_tag","embeddable":true,"href":"https:\/\/sindenfermeiro.com.br\/index.php\/wp-json\/wp\/v2\/tags?post=39799"}],"curies":[{"name":"wp","href":"https:\/\/api.w.org\/{rel}","templated":true}]}}