{"id":39783,"date":"2020-05-21T15:29:00","date_gmt":"2020-05-21T18:29:00","guid":{"rendered":"https:\/\/sindenfermeiro.com.br\/?p=39783"},"modified":"2026-04-27T06:08:23","modified_gmt":"2026-04-27T09:08:23","slug":"hran-recebe-visita-da-acao-conjunta-contra-a-covid-19-para-averiguar-condicoes-de-trabalho","status":"publish","type":"post","link":"https:\/\/sindenfermeiro.com.br\/index.php\/2020\/05\/21\/hran-recebe-visita-da-acao-conjunta-contra-a-covid-19-para-averiguar-condicoes-de-trabalho\/","title":{"rendered":"A\u00e7\u00e3o Conjunta contra a Covid-19 visita HRAN para averiguar condi\u00e7\u00f5es de trabalho"},"content":{"rendered":"<style type=\"text\/css\">\n#foogallery-gallery-39786 .fg-image { width: 640px; }<\/style>\n\t\t\t<div class=\"foogallery foogallery-container foogallery-image-viewer foogallery-link-image foogallery-lightbox-none fg-center fg-image-viewer fg-ready fg-light fg-border-thin fg-shadow-outline fg-loading-default fg-loaded-fade-in fg-caption-hover fg-hover-fade fg-hover-zoom\" id=\"foogallery-gallery-39786\" data-foogallery=\"{&quot;item&quot;:{&quot;showCaptionTitle&quot;:true,&quot;showCaptionDescription&quot;:true},&quot;lazy&quot;:true,&quot;template&quot;:{&quot;loop&quot;:true}}\" style=\"--fg-title-line-clamp: 0; --fg-description-line-clamp: 0;\" >\n\t<div class=\"fiv-inner\">\n\t\t<div class=\"fiv-inner-container\">\n\t\t\t<div class=\"fg-item fg-type-image fg-idle\"><figure class=\"fg-item-inner\"><a href=\"https:\/\/sindenfermeiro.com.br\/wp-content\/uploads\/2020\/05\/WhatsApp-Image-2020-05-21-at-14.51.23.jpeg\" data-attachment-id=\"39788\" data-type=\"image\" class=\"fg-thumb\"><span class=\"fg-image-wrap\"><img fetchpriority=\"high\" decoding=\"async\" width=\"640\" height=\"360\" class=\"skip-lazy fg-image\" data-src-fg=\"https:\/\/sindenfermeiro.com.br\/wp-content\/uploads\/cache\/2020\/05\/WhatsApp-Image-2020-05-21-at-14_51_23\/3674324153.jpeg\" src=\"data:image\/svg+xml,%3Csvg%20xmlns%3D%22http%3A%2F%2Fwww.w3.org%2F2000%2Fsvg%22%20width%3D%22640%22%20height%3D%22360%22%20viewBox%3D%220%200%20640%20360%22%3E%3C%2Fsvg%3E\" loading=\"eager\"><\/span><span class=\"fg-image-overlay\"><\/span><\/a><\/figure><div class=\"fg-loader\"><\/div><\/div><div class=\"fg-item fg-type-image fg-idle\"><figure class=\"fg-item-inner\"><a href=\"https:\/\/sindenfermeiro.com.br\/wp-content\/uploads\/2020\/05\/WhatsApp-Image-2020-05-21-at-14.42.52.jpeg\" data-attachment-id=\"39787\" data-type=\"image\" class=\"fg-thumb\"><span class=\"fg-image-wrap\"><img decoding=\"async\" width=\"640\" height=\"360\" class=\"skip-lazy fg-image\" data-src-fg=\"https:\/\/sindenfermeiro.com.br\/wp-content\/uploads\/cache\/2020\/05\/WhatsApp-Image-2020-05-21-at-14_42_52\/3574944136.jpeg\" src=\"data:image\/svg+xml,%3Csvg%20xmlns%3D%22http%3A%2F%2Fwww.w3.org%2F2000%2Fsvg%22%20width%3D%22640%22%20height%3D%22360%22%20viewBox%3D%220%200%20640%20360%22%3E%3C%2Fsvg%3E\" loading=\"eager\"><\/span><span class=\"fg-image-overlay\"><\/span><\/a><\/figure><div class=\"fg-loader\"><\/div><\/div><div class=\"fg-item fg-type-image fg-idle\"><figure class=\"fg-item-inner\"><a href=\"https:\/\/sindenfermeiro.com.br\/wp-content\/uploads\/2020\/05\/WhatsApp-Image-2020-05-21-at-14.42.50-1.jpeg\" data-attachment-id=\"39789\" data-type=\"image\" class=\"fg-thumb\"><span class=\"fg-image-wrap\"><img decoding=\"async\" width=\"640\" height=\"360\" class=\"skip-lazy fg-image\" data-src-fg=\"https:\/\/sindenfermeiro.com.br\/wp-content\/uploads\/cache\/2020\/05\/WhatsApp-Image-2020-05-21-at-14_42_50-1\/3811105803.jpeg\" src=\"data:image\/svg+xml,%3Csvg%20xmlns%3D%22http%3A%2F%2Fwww.w3.org%2F2000%2Fsvg%22%20width%3D%22640%22%20height%3D%22360%22%20viewBox%3D%220%200%20640%20360%22%3E%3C%2Fsvg%3E\" loading=\"eager\"><\/span><span class=\"fg-image-overlay\"><\/span><\/a><\/figure><div class=\"fg-loader\"><\/div><\/div><div class=\"fg-item fg-type-image fg-idle\"><figure class=\"fg-item-inner\"><a href=\"https:\/\/sindenfermeiro.com.br\/wp-content\/uploads\/2020\/05\/WhatsApp-Image-2020-05-21-at-14.42.50.jpeg\" data-attachment-id=\"39790\" data-type=\"image\" class=\"fg-thumb\"><span class=\"fg-image-wrap\"><img decoding=\"async\" width=\"640\" height=\"360\" class=\"skip-lazy fg-image\" data-src-fg=\"https:\/\/sindenfermeiro.com.br\/wp-content\/uploads\/cache\/2020\/05\/WhatsApp-Image-2020-05-21-at-14_42_50\/3959517573.jpeg\" src=\"data:image\/svg+xml,%3Csvg%20xmlns%3D%22http%3A%2F%2Fwww.w3.org%2F2000%2Fsvg%22%20width%3D%22640%22%20height%3D%22360%22%20viewBox%3D%220%200%20640%20360%22%3E%3C%2Fsvg%3E\" loading=\"eager\"><\/span><span class=\"fg-image-overlay\"><\/span><\/a><\/figure><div class=\"fg-loader\"><\/div><\/div><div class=\"fg-item fg-type-image fg-idle\"><figure class=\"fg-item-inner\"><a href=\"https:\/\/sindenfermeiro.com.br\/wp-content\/uploads\/2020\/05\/WhatsApp-Image-2020-05-21-at-14.42.51-1.jpeg\" data-attachment-id=\"39791\" data-type=\"image\" class=\"fg-thumb\"><span class=\"fg-image-wrap\"><img decoding=\"async\" width=\"640\" height=\"360\" class=\"skip-lazy fg-image\" data-src-fg=\"https:\/\/sindenfermeiro.com.br\/wp-content\/uploads\/cache\/2020\/05\/WhatsApp-Image-2020-05-21-at-14_42_51-1\/2623570564.jpeg\" src=\"data:image\/svg+xml,%3Csvg%20xmlns%3D%22http%3A%2F%2Fwww.w3.org%2F2000%2Fsvg%22%20width%3D%22640%22%20height%3D%22360%22%20viewBox%3D%220%200%20640%20360%22%3E%3C%2Fsvg%3E\" loading=\"eager\"><\/span><span class=\"fg-image-overlay\"><\/span><\/a><\/figure><div class=\"fg-loader\"><\/div><\/div>\t\t<\/div>\n\t\t<div class=\"fiv-ctrls\">\n\t\t\t<button type=\"button\" class=\"fiv-prev\" title=\"Prev\"><span>Prev<\/span><\/button>\n\t\t\t<label class=\"fiv-count\"><span class=\"fiv-count-current\">1<\/span>of<span class=\"fiv-count-total\">5<\/span><\/label>\n\t\t\t<button type=\"button\" class=\"fiv-next\" title=\"Next\"><span>Next<\/span><\/button>\n\t\t<\/div>\n\t<\/div>\n<\/div>\n<p style=\"text-align: justify\">O Hospital Regional da Asa Norte (HRAN) recebeu na manh\u00e3 desta quinta (21), a terceira visita da A\u00e7\u00e3o Conjunta Covid-19 \u2013 iniciativa que re\u00fane SindEnfermeiro-DF, COREN, OAB-DF, Conselho de Sa\u00fade do DF e a Comiss\u00e3o de Direitos Humanos da C\u00e2mara Legislativa.<\/p>\n<p style=\"text-align: justify\">O grupo esteve na institui\u00e7\u00e3o para acompanhar a rotina dos trabalhadores, equipamentos de prote\u00e7\u00e3o individual, o fluxo de atendimento e a retaguarda dos servi\u00e7os, assim como a seguran\u00e7a dos profissionais e a coleta dos exames feitos pelos pacientes com suspeita de Covid-19.<\/p>\n<p>A presidente do SindEnfermeiro, Dayse Amar\u00edlio notou melhora no atendimento do fluxo de trabalho. &#8220;Estivemos l\u00e1 e podemos observar uma melhora no fluxo, principalmente quando a diferencia\u00e7\u00e3o da entrada &#8211; agora pelo ambulat\u00f3rio. As salas s\u00e3o maiores, melhores desenhadas, mais ventiladas&#8221;, afirma Dayse.<\/p>\n<p>No entanto, ela chama a aten\u00e7\u00e3o para o fato de alguns dos servi\u00e7os terem sido paralisados. &#8220;A gastroenterologia foi parada e os pacientes n\u00e3o est\u00e3o tendo atendimento em outro local, outros servi\u00e7os foram distribu\u00eddos na rede, mas a grande quest\u00e3o do HRAN \u00e9 que ele est\u00e1 come\u00e7ando a superlotar. No PS (Pronto Socorro) tinha 72 pacientes, para 58 leitos&#8221;, completa Dayse.<\/p>\n<p>Outro ponto levantado por Dayse, \u00e9 que o UTI est\u00e1 com alguns leitos bloqueados por falta de recursos humanos, j\u00e1 que os servidores est\u00e3o adoecendo n\u00e3o apenas de Covid, mas de doen\u00e7as ps\u00edquicas.<\/p>\n<p style=\"text-align: justify\">Durante a visita, foi levantada a situa\u00e7\u00e3o geral da unidade e as condi\u00e7\u00f5es de trabalho dos profissionais, para que seja realizado um relat\u00f3rio completo que ser\u00e1 encaminhado aos gestores locais e ao secret\u00e1rio de Sa\u00fade, com o diagn\u00f3stico situacional e as medidas que podem ser tomadas para sanar poss\u00edveis problemas.<\/p>\n<p style=\"text-align: justify\"><strong>Uni\u00e3o contra a pandemia<\/strong><\/p>\n<p style=\"text-align: justify\">Al\u00e9m de visitar unidades de sa\u00fade do DF, a A\u00e7\u00e3o Conjunta Covid-19 tem como objetivo uma s\u00e9rie de atividades, entre elas mediar doa\u00e7\u00f5es de equipamentos de prote\u00e7\u00e3o individual aos profissionais que est\u00e3o na linha de frente contra o novo coronav\u00edrus e averiguar quest\u00f5es que dizem respeito aos direitos humanos e dos trabalhadores.<\/p>\n","protected":false},"excerpt":{"rendered":"<p>O Hospital Regional da Asa Norte (HRAN) recebeu na manh\u00e3 desta quinta (21), a terceira visita da A\u00e7\u00e3o Conjunta Covid-19 \u2013 iniciativa que re\u00fane SindEnfermeiro-DF, COREN, OAB-DF, Conselho de Sa\u00fade do DF e a Comiss\u00e3o de Direitos Humanos da C\u00e2mara Legislativa. O grupo esteve na institui\u00e7\u00e3o para acompanhar a rotina dos trabalhadores, equipamentos de prote\u00e7\u00e3o [&hellip;]<\/p>\n","protected":false},"author":6,"featured_media":39784,"comment_status":"open","ping_status":"open","sticky":false,"template":"","format":"standard","meta":{"footnotes":""},"categories":[6,5],"tags":[497,222,7,258,21],"class_list":["post-39783","post","type-post","status-publish","format-standard","has-post-thumbnail","hentry","category-noticias","category-rede-publica","tag-acao-conjunta-covid-19","tag-dayse-amarilio","tag-enfermagem","tag-hran","tag-sindenfermeiro"],"_links":{"self":[{"href":"https:\/\/sindenfermeiro.com.br\/index.php\/wp-json\/wp\/v2\/posts\/39783","targetHints":{"allow":["GET"]}}],"collection":[{"href":"https:\/\/sindenfermeiro.com.br\/index.php\/wp-json\/wp\/v2\/posts"}],"about":[{"href":"https:\/\/sindenfermeiro.com.br\/index.php\/wp-json\/wp\/v2\/types\/post"}],"author":[{"embeddable":true,"href":"https:\/\/sindenfermeiro.com.br\/index.php\/wp-json\/wp\/v2\/users\/6"}],"replies":[{"embeddable":true,"href":"https:\/\/sindenfermeiro.com.br\/index.php\/wp-json\/wp\/v2\/comments?post=39783"}],"version-history":[{"count":8,"href":"https:\/\/sindenfermeiro.com.br\/index.php\/wp-json\/wp\/v2\/posts\/39783\/revisions"}],"predecessor-version":[{"id":39798,"href":"https:\/\/sindenfermeiro.com.br\/index.php\/wp-json\/wp\/v2\/posts\/39783\/revisions\/39798"}],"wp:featuredmedia":[{"embeddable":true,"href":"https:\/\/sindenfermeiro.com.br\/index.php\/wp-json\/wp\/v2\/media\/39784"}],"wp:attachment":[{"href":"https:\/\/sindenfermeiro.com.br\/index.php\/wp-json\/wp\/v2\/media?parent=39783"}],"wp:term":[{"taxonomy":"category","embeddable":true,"href":"https:\/\/sindenfermeiro.com.br\/index.php\/wp-json\/wp\/v2\/categories?post=39783"},{"taxonomy":"post_tag","embeddable":true,"href":"https:\/\/sindenfermeiro.com.br\/index.php\/wp-json\/wp\/v2\/tags?post=39783"}],"curies":[{"name":"wp","href":"https:\/\/api.w.org\/{rel}","templated":true}]}}