{"id":39761,"date":"2020-05-19T15:18:08","date_gmt":"2020-05-19T18:18:08","guid":{"rendered":"https:\/\/sindenfermeiro.com.br\/?p=39761"},"modified":"2026-04-26T21:55:05","modified_gmt":"2026-04-27T00:55:05","slug":"acao-conjunta-conta-a-covid-19-se-reune-com-representantes-do-igesdf-para-tratar-da-upa-de-samambaia","status":"publish","type":"post","link":"https:\/\/sindenfermeiro.com.br\/index.php\/2020\/05\/19\/acao-conjunta-conta-a-covid-19-se-reune-com-representantes-do-igesdf-para-tratar-da-upa-de-samambaia\/","title":{"rendered":"A\u00e7\u00e3o Conjunta conta a Covid-19 se re\u00fane com representantes do IGESDF para tratar da UPA de Samambaia"},"content":{"rendered":"<p style=\"text-align: justify\">O SindEnfermeiro, o Coren-DF, o Conselho de Sa\u00fade estiveram reunidos com o presidente do IGESDF, S\u00e9rgio Luiz da Costa, para tratar das irregularidades apontadas pela for\u00e7a-tarefa que inspecionou a UPA Samambaia na semana passada.<\/p>\n<p style=\"text-align: justify\">Mais de 50 profissionais da unidade foram infectados pela Covid-19, entre eles enfermeiros e t\u00e9cnicos em enfermagem, m\u00e9dicos e chefes das equipes me\u0301dica e de Enfermagem, todos contaminados com o novo coronav\u00edrus.<\/p>\n<p style=\"text-align: justify\">Nos pr\u00f3ximos dias, a A\u00e7\u00e3o Conjunta contra a Covid-19 far\u00e1 uma nova fiscaliza\u00e7\u00e3o na UPA de Samambaia, a inten\u00e7\u00e3o \u00e9 saber se a situa\u00e7\u00e3o na unidade j\u00e1 foi regularizada. O grupo \u00e9 formado pelo SindEnfermeiro-DF, Coren-DF, SindEnfermeiro-DF, OAB-DF, CRM-DF, MPDFT, Conselho Regional de Sa\u00fade, Conselho de Sa\u00fade do Distrito Federal e pela Comiss\u00e3o de Direitos Humanos da CLDF.<\/p>\n","protected":false},"excerpt":{"rendered":"<p>O SindEnfermeiro, o Coren-DF, o Conselho de Sa\u00fade estiveram reunidos com o presidente do IGESDF, S\u00e9rgio Luiz da Costa, para tratar das irregularidades apontadas pela for\u00e7a-tarefa que inspecionou a UPA Samambaia na semana passada. Mais de 50 profissionais da unidade foram infectados pela Covid-19, entre eles enfermeiros e t\u00e9cnicos em enfermagem, m\u00e9dicos e chefes das [&hellip;]<\/p>\n","protected":false},"author":6,"featured_media":39762,"comment_status":"open","ping_status":"open","sticky":false,"template":"","format":"standard","meta":{"footnotes":""},"categories":[6,13,5],"tags":[497,7,21],"class_list":["post-39761","post","type-post","status-publish","format-standard","has-post-thumbnail","hentry","category-noticias","category-rede-privada","category-rede-publica","tag-acao-conjunta-covid-19","tag-enfermagem","tag-sindenfermeiro"],"_links":{"self":[{"href":"https:\/\/sindenfermeiro.com.br\/index.php\/wp-json\/wp\/v2\/posts\/39761","targetHints":{"allow":["GET"]}}],"collection":[{"href":"https:\/\/sindenfermeiro.com.br\/index.php\/wp-json\/wp\/v2\/posts"}],"about":[{"href":"https:\/\/sindenfermeiro.com.br\/index.php\/wp-json\/wp\/v2\/types\/post"}],"author":[{"embeddable":true,"href":"https:\/\/sindenfermeiro.com.br\/index.php\/wp-json\/wp\/v2\/users\/6"}],"replies":[{"embeddable":true,"href":"https:\/\/sindenfermeiro.com.br\/index.php\/wp-json\/wp\/v2\/comments?post=39761"}],"version-history":[{"count":2,"href":"https:\/\/sindenfermeiro.com.br\/index.php\/wp-json\/wp\/v2\/posts\/39761\/revisions"}],"predecessor-version":[{"id":39764,"href":"https:\/\/sindenfermeiro.com.br\/index.php\/wp-json\/wp\/v2\/posts\/39761\/revisions\/39764"}],"wp:featuredmedia":[{"embeddable":true,"href":"https:\/\/sindenfermeiro.com.br\/index.php\/wp-json\/wp\/v2\/media\/39762"}],"wp:attachment":[{"href":"https:\/\/sindenfermeiro.com.br\/index.php\/wp-json\/wp\/v2\/media?parent=39761"}],"wp:term":[{"taxonomy":"category","embeddable":true,"href":"https:\/\/sindenfermeiro.com.br\/index.php\/wp-json\/wp\/v2\/categories?post=39761"},{"taxonomy":"post_tag","embeddable":true,"href":"https:\/\/sindenfermeiro.com.br\/index.php\/wp-json\/wp\/v2\/tags?post=39761"}],"curies":[{"name":"wp","href":"https:\/\/api.w.org\/{rel}","templated":true}]}}