{"id":39755,"date":"2020-05-18T17:17:51","date_gmt":"2020-05-18T20:17:51","guid":{"rendered":"https:\/\/sindenfermeiro.com.br\/?p=39755"},"modified":"2026-04-27T06:04:58","modified_gmt":"2026-04-27T09:04:58","slug":"apos-denuncia-de-servidores-sindenfermeiro-vai-a-ubs-03-de-samambaia-apurar-falta-de-materiais-de-higiene-e-limpeza","status":"publish","type":"post","link":"https:\/\/sindenfermeiro.com.br\/index.php\/2020\/05\/18\/apos-denuncia-de-servidores-sindenfermeiro-vai-a-ubs-03-de-samambaia-apurar-falta-de-materiais-de-higiene-e-limpeza\/","title":{"rendered":"Ap\u00f3s den\u00fancia de servidores, SindEnfermeiro vai \u00e0 UBS 03 de Samambaia apurar falta de materiais de higiene e limpeza"},"content":{"rendered":"<div style=\"width: 1920px;\" class=\"wp-video\"><video class=\"wp-video-shortcode\" id=\"video-39755-1\" width=\"1920\" height=\"1080\" preload=\"metadata\" controls=\"controls\"><source type=\"video\/mp4\" src=\"https:\/\/sindenfermeiro.com.br\/wp-content\/uploads\/2020\/05\/WhatsApp-Video-2020-05-18-at-17.03.20.mp4?_=1\" \/><a href=\"https:\/\/sindenfermeiro.com.br\/wp-content\/uploads\/2020\/05\/WhatsApp-Video-2020-05-18-at-17.03.20.mp4\">https:\/\/sindenfermeiro.com.br\/wp-content\/uploads\/2020\/05\/WhatsApp-Video-2020-05-18-at-17.03.20.mp4<\/a><\/video><\/div>\n<p style=\"text-align: justify\">No dia 18 de Maio, o SindEnfermeiro recebeu den\u00fancia de servidores da Unidade B\u00e1sica de Sa\u00fade 03 de Samambaia sobre a falta de mat\u00e9rias de higiene e limpeza na unidade. Segundo os servidores, a empresa respons\u00e1vel n\u00e3o fornece esses materiais em quantidade adequada h\u00e1 quase um m\u00eas.<\/p>\n<p style=\"text-align: justify\">De acordo com mat\u00e9ria do Correio Braziliense, a UBS 03 de Samambaia enfrenta o problema h\u00e1 mais de 20 dias. Secretaria de Sa\u00fade cobrou posi\u00e7\u00e3o da empresa respons\u00e1vel, que se comprometeu a resolver a situa\u00e7\u00e3o com agilidade<\/p>\n<p style=\"text-align: justify\">O secret\u00e1rio geral do sindicato Jorge Henrique esteve na unidade para fiscaliza\u00e7\u00e3o e constatou a falta de papel toalha, sab\u00e3o l\u00edquido, \u00e1lcool gel e outros materiais e que os pr\u00f3prios servidores tiveram que comprar os produtos para sua higiene.<\/p>\n<p style=\"text-align: justify\">Para o Secret\u00e1rio Geral do Sindicato \u00e9 inadmiss\u00edvel que, nesse momento de pandemia, as unidades de sa\u00fade n\u00e3o sejam abastecidas de forma adequada com mat\u00e9rias de limpeza e higiene, pois aumenta o risco de contamina\u00e7\u00e3o dos servidores e da popula\u00e7\u00e3o.<\/p>\n<p style=\"text-align: justify\">\u201cJ\u00e1 se passaram dois meses, desde que a empresa come\u00e7ou a prestar servi\u00e7os de limpeza para a Secretaria de Sa\u00fade, e as queixas sobre a falta de materiais de limpeza nas diversas unidades de sa\u00fade s\u00f3 aumentam. J\u00e1 recebemos denuncias do HRC, HRAN e outras unidades b\u00e1sicas do DF\u201d, afirmou Jorge.<\/p>\n<p style=\"text-align: justify\">O SindEnfermeiro notificou a Secretaria de Sa\u00fade para que a empresa cumpra o contrato e forne\u00e7a os produtos de limpeza e higiene necess\u00e1rios para o bom funcionamento das unidades.<\/p>\n","protected":false},"excerpt":{"rendered":"<p>No dia 18 de Maio, o SindEnfermeiro recebeu den\u00fancia de servidores da Unidade B\u00e1sica de Sa\u00fade 03 de Samambaia sobre a falta de mat\u00e9rias de higiene e limpeza na unidade. Segundo os servidores, a empresa respons\u00e1vel n\u00e3o fornece esses materiais em quantidade adequada h\u00e1 quase um m\u00eas. De acordo com mat\u00e9ria do Correio Braziliense, a [&hellip;]<\/p>\n","protected":false},"author":6,"featured_media":39757,"comment_status":"open","ping_status":"open","sticky":false,"template":"","format":"standard","meta":{"footnotes":""},"categories":[6,5],"tags":[497,7,21,356],"class_list":["post-39755","post","type-post","status-publish","format-standard","has-post-thumbnail","hentry","category-noticias","category-rede-publica","tag-acao-conjunta-covid-19","tag-enfermagem","tag-sindenfermeiro","tag-ubs"],"_links":{"self":[{"href":"https:\/\/sindenfermeiro.com.br\/index.php\/wp-json\/wp\/v2\/posts\/39755","targetHints":{"allow":["GET"]}}],"collection":[{"href":"https:\/\/sindenfermeiro.com.br\/index.php\/wp-json\/wp\/v2\/posts"}],"about":[{"href":"https:\/\/sindenfermeiro.com.br\/index.php\/wp-json\/wp\/v2\/types\/post"}],"author":[{"embeddable":true,"href":"https:\/\/sindenfermeiro.com.br\/index.php\/wp-json\/wp\/v2\/users\/6"}],"replies":[{"embeddable":true,"href":"https:\/\/sindenfermeiro.com.br\/index.php\/wp-json\/wp\/v2\/comments?post=39755"}],"version-history":[{"count":3,"href":"https:\/\/sindenfermeiro.com.br\/index.php\/wp-json\/wp\/v2\/posts\/39755\/revisions"}],"predecessor-version":[{"id":39760,"href":"https:\/\/sindenfermeiro.com.br\/index.php\/wp-json\/wp\/v2\/posts\/39755\/revisions\/39760"}],"wp:featuredmedia":[{"embeddable":true,"href":"https:\/\/sindenfermeiro.com.br\/index.php\/wp-json\/wp\/v2\/media\/39757"}],"wp:attachment":[{"href":"https:\/\/sindenfermeiro.com.br\/index.php\/wp-json\/wp\/v2\/media?parent=39755"}],"wp:term":[{"taxonomy":"category","embeddable":true,"href":"https:\/\/sindenfermeiro.com.br\/index.php\/wp-json\/wp\/v2\/categories?post=39755"},{"taxonomy":"post_tag","embeddable":true,"href":"https:\/\/sindenfermeiro.com.br\/index.php\/wp-json\/wp\/v2\/tags?post=39755"}],"curies":[{"name":"wp","href":"https:\/\/api.w.org\/{rel}","templated":true}]}}