{"id":39727,"date":"2020-05-14T11:24:47","date_gmt":"2020-05-14T14:24:47","guid":{"rendered":"https:\/\/sindenfermeiro.com.br\/?p=39727"},"modified":"2026-04-26T21:56:07","modified_gmt":"2026-04-27T00:56:07","slug":"video-enfermeiros-de-todo-o-mundo-participam-de-homenagem-poetica-a-profissao","status":"publish","type":"post","link":"https:\/\/sindenfermeiro.com.br\/index.php\/2020\/05\/14\/video-enfermeiros-de-todo-o-mundo-participam-de-homenagem-poetica-a-profissao\/","title":{"rendered":"V\u00cdDEO: Enfermeiros de todo o mundo participam de homenagem po\u00e9tica \u00e0 profiss\u00e3o"},"content":{"rendered":"<p><img loading=\"lazy\" decoding=\"async\" class=\"wp-image-39262  aligncenter\" src=\"https:\/\/sindenfermeiro.com.br\/wp-content\/uploads\/2020\/03\/20200323151556462216u.jpeg\" alt=\"\" width=\"538\" height=\"358\" srcset=\"https:\/\/sindenfermeiro.com.br\/wp-content\/uploads\/2020\/03\/20200323151556462216u.jpeg 820w, https:\/\/sindenfermeiro.com.br\/wp-content\/uploads\/2020\/03\/20200323151556462216u-300x200.jpeg 300w, https:\/\/sindenfermeiro.com.br\/wp-content\/uploads\/2020\/03\/20200323151556462216u-768x511.jpeg 768w\" sizes=\"auto, (max-width: 538px) 100vw, 538px\" \/><\/p>\n<p>Em homenagem ao Dia Internacional da Enfermagem, profissionais de 10 nacionalidades expressaram o seu amor \u00e0 arte do cuidar, atrav\u00e9s da poesia &#8220;Cuidados Sagrados&#8221;, de autoria da enfermeira e poetisa On\u00e3 Silva.<\/p>\n<p>No v\u00eddeo, idealizado por On\u00e3, o poema pode ser ouvido em ingl\u00eas, alem\u00e3o, espanhol, franc\u00eas, japon\u00eas e espanhol, mostrando que o amor \u00e0 enfermagem ultrapassa todas as barreiras geogr\u00e1ficas.<\/p>\n<p><strong>Confira o v\u00eddeo abaixo:<\/strong><\/p>\n","protected":false},"excerpt":{"rendered":"<p>Em homenagem ao Dia Internacional da Enfermagem, profissionais de 10 nacionalidades expressaram o seu amor \u00e0 arte do cuidar, atrav\u00e9s da poesia &#8220;Cuidados Sagrados&#8221;, de autoria da enfermeira e poetisa On\u00e3 Silva. No v\u00eddeo, idealizado por On\u00e3, o poema pode ser ouvido em ingl\u00eas, alem\u00e3o, espanhol, franc\u00eas, japon\u00eas e espanhol, mostrando que o amor \u00e0 [&hellip;]<\/p>\n","protected":false},"author":6,"featured_media":39262,"comment_status":"open","ping_status":"open","sticky":false,"template":"","format":"standard","meta":{"footnotes":""},"categories":[6,13,5],"tags":[527,54,318,469],"class_list":["post-39727","post","type-post","status-publish","format-standard","has-post-thumbnail","hentry","category-noticias","category-rede-privada","category-rede-publica","tag-dia-internacional-da-enfermagem","tag-enfermeiros","tag-ona","tag-poesia"],"_links":{"self":[{"href":"https:\/\/sindenfermeiro.com.br\/index.php\/wp-json\/wp\/v2\/posts\/39727","targetHints":{"allow":["GET"]}}],"collection":[{"href":"https:\/\/sindenfermeiro.com.br\/index.php\/wp-json\/wp\/v2\/posts"}],"about":[{"href":"https:\/\/sindenfermeiro.com.br\/index.php\/wp-json\/wp\/v2\/types\/post"}],"author":[{"embeddable":true,"href":"https:\/\/sindenfermeiro.com.br\/index.php\/wp-json\/wp\/v2\/users\/6"}],"replies":[{"embeddable":true,"href":"https:\/\/sindenfermeiro.com.br\/index.php\/wp-json\/wp\/v2\/comments?post=39727"}],"version-history":[{"count":2,"href":"https:\/\/sindenfermeiro.com.br\/index.php\/wp-json\/wp\/v2\/posts\/39727\/revisions"}],"predecessor-version":[{"id":39729,"href":"https:\/\/sindenfermeiro.com.br\/index.php\/wp-json\/wp\/v2\/posts\/39727\/revisions\/39729"}],"wp:featuredmedia":[{"embeddable":true,"href":"https:\/\/sindenfermeiro.com.br\/index.php\/wp-json\/wp\/v2\/media\/39262"}],"wp:attachment":[{"href":"https:\/\/sindenfermeiro.com.br\/index.php\/wp-json\/wp\/v2\/media?parent=39727"}],"wp:term":[{"taxonomy":"category","embeddable":true,"href":"https:\/\/sindenfermeiro.com.br\/index.php\/wp-json\/wp\/v2\/categories?post=39727"},{"taxonomy":"post_tag","embeddable":true,"href":"https:\/\/sindenfermeiro.com.br\/index.php\/wp-json\/wp\/v2\/tags?post=39727"}],"curies":[{"name":"wp","href":"https:\/\/api.w.org\/{rel}","templated":true}]}}