{"id":39639,"date":"2020-05-07T17:00:24","date_gmt":"2020-05-07T20:00:24","guid":{"rendered":"https:\/\/sindenfermeiro.com.br\/?p=39639"},"modified":"2026-04-30T01:22:37","modified_gmt":"2026-04-30T04:22:37","slug":"saiu-na-midia-presidente-e-diretora-do-sindenfermeiro-falam-sobre-registro-de-b-o-sobre-as-agressoes-sofridas-por-elas-no-ato-do-ultimo-dia-1o-de-maio","status":"publish","type":"post","link":"https:\/\/sindenfermeiro.com.br\/index.php\/2020\/05\/07\/saiu-na-midia-presidente-e-diretora-do-sindenfermeiro-falam-sobre-registro-de-b-o-sobre-as-agressoes-sofridas-por-elas-no-ato-do-ultimo-dia-1o-de-maio\/","title":{"rendered":"Saiu na m\u00eddia: presidente e diretora do SindEnfermeiro falam sobre registro de B.O. sobre as agress\u00f5es sofridas por elas no ato do \u00faltimo dia 1\u00ba de maio"},"content":{"rendered":"<p style=\"text-align: justify\">A presidente e a diretora do SindEnfermeiro, Dayse Amar\u00edlio e Ana Catarine Caneiro, falaram em reportagem ao Bom Dia DF, exibida nesta quinta-feira (07), sobre o registro de boletim de ocorr\u00eancia contra os apoiadores do presidente que \u00e0s agrediram durante o ato no \u00faltimo dia 1\u00ba de maio. A viol\u00eancia repercutiu por todo o pa\u00eds, j\u00e1 que os trabalhadores que estavam na manifesta\u00e7\u00e3o foram agrediram verbal e fisicamente as durante o ato silencioso na Pra\u00e7a dos Tr\u00eas Poderes.<\/p>\n<p style=\"text-align: justify\">Confira a mat\u00e9ria abaixo:<\/p>\n<div style=\"width: 854px;\" class=\"wp-video\"><video class=\"wp-video-shortcode\" id=\"video-39639-1\" width=\"854\" height=\"480\" preload=\"metadata\" controls=\"controls\"><source type=\"video\/mp4\" src=\"https:\/\/sindenfermeiro.com.br\/wp-content\/uploads\/2020\/05\/WhatsApp-Video-2020-05-07-at-16.20.26.mp4?_=1\" \/><a href=\"https:\/\/sindenfermeiro.com.br\/wp-content\/uploads\/2020\/05\/WhatsApp-Video-2020-05-07-at-16.20.26.mp4\">https:\/\/sindenfermeiro.com.br\/wp-content\/uploads\/2020\/05\/WhatsApp-Video-2020-05-07-at-16.20.26.mp4<\/a><\/video><\/div>\n<p style=\"text-align: justify\">\n","protected":false},"excerpt":{"rendered":"<p>A presidente e a diretora do SindEnfermeiro, Dayse Amar\u00edlio e Ana Catarine Caneiro, falaram em reportagem ao Bom Dia DF, exibida nesta quinta-feira (07), sobre o registro de boletim de ocorr\u00eancia contra os apoiadores do presidente que \u00e0s agrediram durante o ato no \u00faltimo dia 1\u00ba de maio. A viol\u00eancia repercutiu por todo o pa\u00eds, [&hellip;]<\/p>\n","protected":false},"author":6,"featured_media":39642,"comment_status":"open","ping_status":"open","sticky":false,"template":"","format":"standard","meta":{"footnotes":""},"categories":[14,6,5],"tags":[516,242,522,222,7,99,523,21,56],"class_list":["post-39639","post","type-post","status-publish","format-standard","has-post-thumbnail","hentry","category-midia","category-noticias","category-rede-publica","tag-ato-1o-de-maio","tag-bolsonaro","tag-bom-dia-df","tag-dayse-amarilio","tag-enfermagem","tag-enfermagem-df","tag-globo","tag-sindenfermeiro","tag-sindicato"],"_links":{"self":[{"href":"https:\/\/sindenfermeiro.com.br\/index.php\/wp-json\/wp\/v2\/posts\/39639","targetHints":{"allow":["GET"]}}],"collection":[{"href":"https:\/\/sindenfermeiro.com.br\/index.php\/wp-json\/wp\/v2\/posts"}],"about":[{"href":"https:\/\/sindenfermeiro.com.br\/index.php\/wp-json\/wp\/v2\/types\/post"}],"author":[{"embeddable":true,"href":"https:\/\/sindenfermeiro.com.br\/index.php\/wp-json\/wp\/v2\/users\/6"}],"replies":[{"embeddable":true,"href":"https:\/\/sindenfermeiro.com.br\/index.php\/wp-json\/wp\/v2\/comments?post=39639"}],"version-history":[{"count":2,"href":"https:\/\/sindenfermeiro.com.br\/index.php\/wp-json\/wp\/v2\/posts\/39639\/revisions"}],"predecessor-version":[{"id":39643,"href":"https:\/\/sindenfermeiro.com.br\/index.php\/wp-json\/wp\/v2\/posts\/39639\/revisions\/39643"}],"wp:featuredmedia":[{"embeddable":true,"href":"https:\/\/sindenfermeiro.com.br\/index.php\/wp-json\/wp\/v2\/media\/39642"}],"wp:attachment":[{"href":"https:\/\/sindenfermeiro.com.br\/index.php\/wp-json\/wp\/v2\/media?parent=39639"}],"wp:term":[{"taxonomy":"category","embeddable":true,"href":"https:\/\/sindenfermeiro.com.br\/index.php\/wp-json\/wp\/v2\/categories?post=39639"},{"taxonomy":"post_tag","embeddable":true,"href":"https:\/\/sindenfermeiro.com.br\/index.php\/wp-json\/wp\/v2\/tags?post=39639"}],"curies":[{"name":"wp","href":"https:\/\/api.w.org\/{rel}","templated":true}]}}