{"id":39615,"date":"2020-05-06T09:55:46","date_gmt":"2020-05-06T12:55:46","guid":{"rendered":"https:\/\/sindenfermeiro.com.br\/?p=39615"},"modified":"2026-04-26T21:57:14","modified_gmt":"2026-04-27T00:57:14","slug":"justica-pgr-solicita-apuracao-de-agressoes-contra-enfermeiros-em-ato-do-1o-de-maio","status":"publish","type":"post","link":"https:\/\/sindenfermeiro.com.br\/index.php\/2020\/05\/06\/justica-pgr-solicita-apuracao-de-agressoes-contra-enfermeiros-em-ato-do-1o-de-maio\/","title":{"rendered":"JUSTI\u00c7A: PGR solicita apura\u00e7\u00e3o de agress\u00f5es contra enfermeiros em ato do 1\u00ba de maio"},"content":{"rendered":"<p><img loading=\"lazy\" decoding=\"async\" class=\"aligncenter wp-image-39617 \" src=\"https:\/\/sindenfermeiro.com.br\/wp-content\/uploads\/2020\/05\/15551253245cb1544c3ff19_1555125324_3x2_rt-1024x683.jpg\" alt=\"\" width=\"658\" height=\"439\" srcset=\"https:\/\/sindenfermeiro.com.br\/wp-content\/uploads\/2020\/05\/15551253245cb1544c3ff19_1555125324_3x2_rt-1024x683.jpg 1024w, https:\/\/sindenfermeiro.com.br\/wp-content\/uploads\/2020\/05\/15551253245cb1544c3ff19_1555125324_3x2_rt-300x200.jpg 300w, https:\/\/sindenfermeiro.com.br\/wp-content\/uploads\/2020\/05\/15551253245cb1544c3ff19_1555125324_3x2_rt-768x512.jpg 768w, https:\/\/sindenfermeiro.com.br\/wp-content\/uploads\/2020\/05\/15551253245cb1544c3ff19_1555125324_3x2_rt-1536x1025.jpg 1536w, https:\/\/sindenfermeiro.com.br\/wp-content\/uploads\/2020\/05\/15551253245cb1544c3ff19_1555125324_3x2_rt-2048x1366.jpg 2048w\" sizes=\"auto, (max-width: 658px) 100vw, 658px\" \/><\/p>\n<p style=\"text-align: justify\">Segundo informa\u00e7\u00f5es publicadas no in\u00edcio da tarde da \u00faltima ter\u00e7a-feira (05) pelo Blog da Julia Duailibi no portal G1, a Procuradoria Geral da Rep\u00fablica (PGR) solicitou o in\u00edcio de uma investiga\u00e7\u00e3o pela Procuradoria da Rep\u00fablica no Distrito Federal, com o objetivo de apurar as covardes agress\u00f5es sofridas por enfermeiros no ato organizado no \u00faltimo dia 1\u00ba de maio em protesto \u00e0s mortes em decorr\u00eancia do coronav\u00edrus \u2013 incluindo os enfermeiros mortos no combate \u00e0 pandemia.<\/p>\n<p style=\"text-align: justify\">Ainda de acordo com a nota, a PGR alega que, al\u00e9m da agress\u00e3o f\u00edsica cometida pelo militante bolsonarista, existe a possibilidade de responsabiliza\u00e7\u00e3o criminal com base nos artigos 22 e 23 da Lei de Seguran\u00e7a Nacional \u2013 que veta a propaga\u00e7\u00e3o de processos ilegais com o objetivo de subverter a ordem pol\u00edtica e social, al\u00e9m de crime contra a Administra\u00e7\u00e3o P\u00fablica.<\/p>\n<p style=\"text-align: justify\">Na ocasi\u00e3o, o agressor \u2013 que, ironicamente, est\u00e1 registrado como funcion\u00e1rio terceirizado do Minist\u00e9rio da Mulher, Fam\u00edlia e Direitos Humanos, manifestava-se a favor de uma interven\u00e7\u00e3o militar, o que \u00e9 proibido pela Constitui\u00e7\u00e3o.<\/p>\n<p style=\"text-align: justify\"><strong>Entidades da enfermagem tamb\u00e9m se movimentam<\/strong><\/p>\n<p style=\"text-align: justify\">Os enfermeiros que protestavam na Pra\u00e7a dos Tr\u00eas Poderes se basearam em tr\u00eas pilares fundamentais \u2013 respeito ao isolamento social, valoriza\u00e7\u00e3o do enfermeiro e homenagem aos companheiros mortos na linha de frente. O objetivo dos agressores de desmoralizar o movimento acabou tendo efeito contr\u00e1rio \u2013 dada a visibilidade recebida e o apoio demonstrado pela popula\u00e7\u00e3o \u00e0 causa da enfermagem.<\/p>\n<p style=\"text-align: justify\">No entanto, as covardes agress\u00f5es n\u00e3o podem ficar impunes \u2013 e as entidades de representa\u00e7\u00e3o da classe j\u00e1 est\u00e3o se movimentando nesse sentido. Os departamentos jur\u00eddicos do SindEnfermeiro-DF, Conselho Regional de Enfermagem (COREN-DF) e Conselho Federal de Enfermagem (COFEN) est\u00e3o trabalhando de forma conjunta para que todas as medidas legais possam ser tomadas pelos \u00f3rg\u00e3os competentes.<\/p>\n<p style=\"text-align: justify\">Por fim, \u00e9 importante salientar que o SindEnfermeiro estar\u00e1 atento a todos os desdobramentos desse caso, e ressalta que a livre manifesta\u00e7\u00e3o \u00e9 um direito fundamental, mas que jamais deve ser confundido com propaga\u00e7\u00e3o de \u00f3dio gratuito e incita\u00e7\u00e3o \u00e0 regimes anti-democr\u00e1ticos. Nesse momento, ser patriota \u00e9 defender a sa\u00fade do povo brasileiro.<\/p>\n","protected":false},"excerpt":{"rendered":"<p>Segundo informa\u00e7\u00f5es publicadas no in\u00edcio da tarde da \u00faltima ter\u00e7a-feira (05) pelo Blog da Julia Duailibi no portal G1, a Procuradoria Geral da Rep\u00fablica (PGR) solicitou o in\u00edcio de uma investiga\u00e7\u00e3o pela Procuradoria da Rep\u00fablica no Distrito Federal, com o objetivo de apurar as covardes agress\u00f5es sofridas por enfermeiros no ato organizado no \u00faltimo dia [&hellip;]<\/p>\n","protected":false},"author":6,"featured_media":39617,"comment_status":"open","ping_status":"open","sticky":false,"template":"","format":"standard","meta":{"footnotes":""},"categories":[6,13,5],"tags":[520,516,242,84,7,519],"class_list":["post-39615","post","type-post","status-publish","format-standard","has-post-thumbnail","hentry","category-noticias","category-rede-privada","category-rede-publica","tag-agressao","tag-ato-1o-de-maio","tag-bolsonaro","tag-df","tag-enfermagem","tag-pgr"],"_links":{"self":[{"href":"https:\/\/sindenfermeiro.com.br\/index.php\/wp-json\/wp\/v2\/posts\/39615","targetHints":{"allow":["GET"]}}],"collection":[{"href":"https:\/\/sindenfermeiro.com.br\/index.php\/wp-json\/wp\/v2\/posts"}],"about":[{"href":"https:\/\/sindenfermeiro.com.br\/index.php\/wp-json\/wp\/v2\/types\/post"}],"author":[{"embeddable":true,"href":"https:\/\/sindenfermeiro.com.br\/index.php\/wp-json\/wp\/v2\/users\/6"}],"replies":[{"embeddable":true,"href":"https:\/\/sindenfermeiro.com.br\/index.php\/wp-json\/wp\/v2\/comments?post=39615"}],"version-history":[{"count":8,"href":"https:\/\/sindenfermeiro.com.br\/index.php\/wp-json\/wp\/v2\/posts\/39615\/revisions"}],"predecessor-version":[{"id":39625,"href":"https:\/\/sindenfermeiro.com.br\/index.php\/wp-json\/wp\/v2\/posts\/39615\/revisions\/39625"}],"wp:featuredmedia":[{"embeddable":true,"href":"https:\/\/sindenfermeiro.com.br\/index.php\/wp-json\/wp\/v2\/media\/39617"}],"wp:attachment":[{"href":"https:\/\/sindenfermeiro.com.br\/index.php\/wp-json\/wp\/v2\/media?parent=39615"}],"wp:term":[{"taxonomy":"category","embeddable":true,"href":"https:\/\/sindenfermeiro.com.br\/index.php\/wp-json\/wp\/v2\/categories?post=39615"},{"taxonomy":"post_tag","embeddable":true,"href":"https:\/\/sindenfermeiro.com.br\/index.php\/wp-json\/wp\/v2\/tags?post=39615"}],"curies":[{"name":"wp","href":"https:\/\/api.w.org\/{rel}","templated":true}]}}