{"id":39597,"date":"2020-05-04T13:26:47","date_gmt":"2020-05-04T16:26:47","guid":{"rendered":"https:\/\/sindenfermeiro.com.br\/?p=39597"},"modified":"2026-04-26T21:57:10","modified_gmt":"2026-04-27T00:57:10","slug":"brasileiros-ao-lado-da-enfermagem-populacao-manifesta-apoio-a-enfermeiros-apos-agressoes-em-ato-do-1o-de-maio","status":"publish","type":"post","link":"https:\/\/sindenfermeiro.com.br\/index.php\/2020\/05\/04\/brasileiros-ao-lado-da-enfermagem-populacao-manifesta-apoio-a-enfermeiros-apos-agressoes-em-ato-do-1o-de-maio\/","title":{"rendered":"Brasileiros ao lado da Enfermagem: popula\u00e7\u00e3o manifesta apoio a enfermeiros ap\u00f3s agress\u00f5es em ato do 1\u00ba de maio"},"content":{"rendered":"<style type=\"text\/css\">\n#foogallery-gallery-39612 .fg-image { width: 640px; }<\/style>\n\t\t\t<div class=\"foogallery foogallery-container foogallery-image-viewer foogallery-link-image foogallery-lightbox-none fg-center fg-image-viewer fg-ready fg-light fg-border-thin fg-shadow-outline fg-loading-default fg-loaded-fade-in fg-caption-hover fg-hover-fade fg-hover-zoom\" id=\"foogallery-gallery-39612\" data-foogallery=\"{&quot;item&quot;:{&quot;showCaptionTitle&quot;:true,&quot;showCaptionDescription&quot;:true},&quot;lazy&quot;:true,&quot;template&quot;:{&quot;loop&quot;:true}}\" style=\"--fg-title-line-clamp: 0; --fg-description-line-clamp: 0;\" >\n\t<div class=\"fiv-inner\">\n\t\t<div class=\"fiv-inner-container\">\n\t\t\t<div class=\"fg-item fg-type-image fg-idle\"><figure class=\"fg-item-inner\"><a href=\"https:\/\/sindenfermeiro.com.br\/wp-content\/uploads\/2020\/05\/WhatsApp-Image-2020-05-04-at-13.09.57.jpeg\" data-attachment-id=\"39608\" data-type=\"image\" class=\"fg-thumb\"><span class=\"fg-image-wrap\"><img fetchpriority=\"high\" decoding=\"async\" width=\"640\" height=\"360\" class=\"skip-lazy fg-image\" data-src-fg=\"https:\/\/sindenfermeiro.com.br\/wp-content\/uploads\/cache\/2020\/05\/WhatsApp-Image-2020-05-04-at-13_09_57\/2291832053.jpeg\" src=\"data:image\/svg+xml,%3Csvg%20xmlns%3D%22http%3A%2F%2Fwww.w3.org%2F2000%2Fsvg%22%20width%3D%22640%22%20height%3D%22360%22%20viewBox%3D%220%200%20640%20360%22%3E%3C%2Fsvg%3E\" loading=\"eager\"><\/span><span class=\"fg-image-overlay\"><\/span><\/a><\/figure><div class=\"fg-loader\"><\/div><\/div><div class=\"fg-item fg-type-image fg-idle\"><figure class=\"fg-item-inner\"><a href=\"https:\/\/sindenfermeiro.com.br\/wp-content\/uploads\/2020\/05\/WhatsApp-Image-2020-05-04-at-13.09.58.jpeg\" data-attachment-id=\"39610\" data-type=\"image\" class=\"fg-thumb\"><span class=\"fg-image-wrap\"><img decoding=\"async\" width=\"640\" height=\"360\" class=\"skip-lazy fg-image\" data-src-fg=\"https:\/\/sindenfermeiro.com.br\/wp-content\/uploads\/cache\/2020\/05\/WhatsApp-Image-2020-05-04-at-13_09_58\/293255889.jpeg\" src=\"data:image\/svg+xml,%3Csvg%20xmlns%3D%22http%3A%2F%2Fwww.w3.org%2F2000%2Fsvg%22%20width%3D%22640%22%20height%3D%22360%22%20viewBox%3D%220%200%20640%20360%22%3E%3C%2Fsvg%3E\" loading=\"eager\"><\/span><span class=\"fg-image-overlay\"><\/span><\/a><\/figure><div class=\"fg-loader\"><\/div><\/div><div class=\"fg-item fg-type-image fg-idle\"><figure class=\"fg-item-inner\"><a href=\"https:\/\/sindenfermeiro.com.br\/wp-content\/uploads\/2020\/05\/WhatsApp-Image-2020-05-04-at-13.09.58-1.jpeg\" data-attachment-id=\"39609\" data-type=\"image\" class=\"fg-thumb\"><span class=\"fg-image-wrap\"><img decoding=\"async\" width=\"640\" height=\"360\" class=\"skip-lazy fg-image\" data-src-fg=\"https:\/\/sindenfermeiro.com.br\/wp-content\/uploads\/cache\/2020\/05\/WhatsApp-Image-2020-05-04-at-13_09_58-1\/826909208.jpeg\" src=\"data:image\/svg+xml,%3Csvg%20xmlns%3D%22http%3A%2F%2Fwww.w3.org%2F2000%2Fsvg%22%20width%3D%22640%22%20height%3D%22360%22%20viewBox%3D%220%200%20640%20360%22%3E%3C%2Fsvg%3E\" loading=\"eager\"><\/span><span class=\"fg-image-overlay\"><\/span><\/a><\/figure><div class=\"fg-loader\"><\/div><\/div><div class=\"fg-item fg-type-image fg-idle\"><figure class=\"fg-item-inner\"><a href=\"https:\/\/sindenfermeiro.com.br\/wp-content\/uploads\/2020\/05\/WhatsApp-Image-2020-05-04-at-13.09.57-1.jpeg\" data-attachment-id=\"39607\" data-type=\"image\" class=\"fg-thumb\"><span class=\"fg-image-wrap\"><img decoding=\"async\" width=\"640\" height=\"360\" class=\"skip-lazy fg-image\" data-src-fg=\"https:\/\/sindenfermeiro.com.br\/wp-content\/uploads\/cache\/2020\/05\/WhatsApp-Image-2020-05-04-at-13_09_57-1\/2891134437.jpeg\" src=\"data:image\/svg+xml,%3Csvg%20xmlns%3D%22http%3A%2F%2Fwww.w3.org%2F2000%2Fsvg%22%20width%3D%22640%22%20height%3D%22360%22%20viewBox%3D%220%200%20640%20360%22%3E%3C%2Fsvg%3E\" loading=\"eager\"><\/span><span class=\"fg-image-overlay\"><\/span><\/a><\/figure><div class=\"fg-loader\"><\/div><\/div><div class=\"fg-item fg-type-image fg-idle\"><figure class=\"fg-item-inner\"><a href=\"https:\/\/sindenfermeiro.com.br\/wp-content\/uploads\/2020\/05\/WhatsApp-Image-2020-05-04-at-13.09.56-2.jpeg\" data-attachment-id=\"39605\" data-type=\"image\" class=\"fg-thumb\"><span class=\"fg-image-wrap\"><img decoding=\"async\" width=\"640\" height=\"360\" class=\"skip-lazy fg-image\" data-src-fg=\"https:\/\/sindenfermeiro.com.br\/wp-content\/uploads\/cache\/2020\/05\/WhatsApp-Image-2020-05-04-at-13_09_56-2\/2571153064.jpeg\" src=\"data:image\/svg+xml,%3Csvg%20xmlns%3D%22http%3A%2F%2Fwww.w3.org%2F2000%2Fsvg%22%20width%3D%22640%22%20height%3D%22360%22%20viewBox%3D%220%200%20640%20360%22%3E%3C%2Fsvg%3E\" loading=\"eager\"><\/span><span class=\"fg-image-overlay\"><\/span><\/a><\/figure><div class=\"fg-loader\"><\/div><\/div><div class=\"fg-item fg-type-image fg-idle\"><figure class=\"fg-item-inner\"><a href=\"https:\/\/sindenfermeiro.com.br\/wp-content\/uploads\/2020\/05\/WhatsApp-Image-2020-05-04-at-13.09.56.jpeg\" data-attachment-id=\"39606\" data-type=\"image\" class=\"fg-thumb\"><span class=\"fg-image-wrap\"><img decoding=\"async\" width=\"640\" height=\"360\" class=\"skip-lazy fg-image\" data-src-fg=\"https:\/\/sindenfermeiro.com.br\/wp-content\/uploads\/cache\/2020\/05\/WhatsApp-Image-2020-05-04-at-13_09_56\/2002471509.jpeg\" src=\"data:image\/svg+xml,%3Csvg%20xmlns%3D%22http%3A%2F%2Fwww.w3.org%2F2000%2Fsvg%22%20width%3D%22640%22%20height%3D%22360%22%20viewBox%3D%220%200%20640%20360%22%3E%3C%2Fsvg%3E\" loading=\"eager\"><\/span><span class=\"fg-image-overlay\"><\/span><\/a><\/figure><div class=\"fg-loader\"><\/div><\/div><div class=\"fg-item fg-type-image fg-idle\"><figure class=\"fg-item-inner\"><a href=\"https:\/\/sindenfermeiro.com.br\/wp-content\/uploads\/2020\/05\/WhatsApp-Image-2020-05-04-at-13.09.55-1.jpeg\" data-attachment-id=\"39601\" data-type=\"image\" class=\"fg-thumb\"><span class=\"fg-image-wrap\"><img decoding=\"async\" width=\"640\" height=\"360\" class=\"skip-lazy fg-image\" data-src-fg=\"https:\/\/sindenfermeiro.com.br\/wp-content\/uploads\/cache\/2020\/05\/WhatsApp-Image-2020-05-04-at-13_09_55-1\/2021524157.jpeg\" src=\"data:image\/svg+xml,%3Csvg%20xmlns%3D%22http%3A%2F%2Fwww.w3.org%2F2000%2Fsvg%22%20width%3D%22640%22%20height%3D%22360%22%20viewBox%3D%220%200%20640%20360%22%3E%3C%2Fsvg%3E\" loading=\"eager\"><\/span><span class=\"fg-image-overlay\"><\/span><\/a><\/figure><div class=\"fg-loader\"><\/div><\/div><div class=\"fg-item fg-type-image fg-idle\"><figure class=\"fg-item-inner\"><a href=\"https:\/\/sindenfermeiro.com.br\/wp-content\/uploads\/2020\/05\/WhatsApp-Image-2020-05-04-at-13.09.55-2.jpeg\" data-attachment-id=\"39602\" data-type=\"image\" class=\"fg-thumb\"><span class=\"fg-image-wrap\"><img decoding=\"async\" width=\"640\" height=\"360\" class=\"skip-lazy fg-image\" data-src-fg=\"https:\/\/sindenfermeiro.com.br\/wp-content\/uploads\/cache\/2020\/05\/WhatsApp-Image-2020-05-04-at-13_09_55-2\/3932912148.jpeg\" src=\"data:image\/svg+xml,%3Csvg%20xmlns%3D%22http%3A%2F%2Fwww.w3.org%2F2000%2Fsvg%22%20width%3D%22640%22%20height%3D%22360%22%20viewBox%3D%220%200%20640%20360%22%3E%3C%2Fsvg%3E\" loading=\"eager\"><\/span><span class=\"fg-image-overlay\"><\/span><\/a><\/figure><div class=\"fg-loader\"><\/div><\/div><div class=\"fg-item fg-type-image fg-idle\"><figure class=\"fg-item-inner\"><a href=\"https:\/\/sindenfermeiro.com.br\/wp-content\/uploads\/2020\/05\/WhatsApp-Image-2020-05-04-at-13.09.56-1.jpeg\" data-attachment-id=\"39604\" data-type=\"image\" class=\"fg-thumb\"><span class=\"fg-image-wrap\"><img decoding=\"async\" width=\"640\" height=\"360\" class=\"skip-lazy fg-image\" data-src-fg=\"https:\/\/sindenfermeiro.com.br\/wp-content\/uploads\/cache\/2020\/05\/WhatsApp-Image-2020-05-04-at-13_09_56-1\/3326455369.jpeg\" src=\"data:image\/svg+xml,%3Csvg%20xmlns%3D%22http%3A%2F%2Fwww.w3.org%2F2000%2Fsvg%22%20width%3D%22640%22%20height%3D%22360%22%20viewBox%3D%220%200%20640%20360%22%3E%3C%2Fsvg%3E\" loading=\"eager\"><\/span><span class=\"fg-image-overlay\"><\/span><\/a><\/figure><div class=\"fg-loader\"><\/div><\/div><div class=\"fg-item fg-type-image fg-idle\"><figure class=\"fg-item-inner\"><a href=\"https:\/\/sindenfermeiro.com.br\/wp-content\/uploads\/2020\/05\/WhatsApp-Image-2020-05-04-at-13.09.55.jpeg\" data-attachment-id=\"39603\" data-type=\"image\" class=\"fg-thumb\"><span class=\"fg-image-wrap\"><img decoding=\"async\" width=\"640\" height=\"360\" class=\"skip-lazy fg-image\" data-src-fg=\"https:\/\/sindenfermeiro.com.br\/wp-content\/uploads\/cache\/2020\/05\/WhatsApp-Image-2020-05-04-at-13_09_55\/2118177210.jpeg\" src=\"data:image\/svg+xml,%3Csvg%20xmlns%3D%22http%3A%2F%2Fwww.w3.org%2F2000%2Fsvg%22%20width%3D%22640%22%20height%3D%22360%22%20viewBox%3D%220%200%20640%20360%22%3E%3C%2Fsvg%3E\" loading=\"eager\"><\/span><span class=\"fg-image-overlay\"><\/span><\/a><\/figure><div class=\"fg-loader\"><\/div><\/div><div class=\"fg-item fg-type-image fg-idle\"><figure class=\"fg-item-inner\"><a href=\"https:\/\/sindenfermeiro.com.br\/wp-content\/uploads\/2020\/05\/WhatsApp-Image-2020-05-04-at-13.09.52.jpeg\" data-attachment-id=\"39600\" data-type=\"image\" class=\"fg-thumb\"><span class=\"fg-image-wrap\"><img decoding=\"async\" width=\"640\" height=\"360\" class=\"skip-lazy fg-image\" data-src-fg=\"https:\/\/sindenfermeiro.com.br\/wp-content\/uploads\/cache\/2020\/05\/WhatsApp-Image-2020-05-04-at-13_09_52\/173268629.jpeg\" src=\"data:image\/svg+xml,%3Csvg%20xmlns%3D%22http%3A%2F%2Fwww.w3.org%2F2000%2Fsvg%22%20width%3D%22640%22%20height%3D%22360%22%20viewBox%3D%220%200%20640%20360%22%3E%3C%2Fsvg%3E\" loading=\"eager\"><\/span><span class=\"fg-image-overlay\"><\/span><\/a><\/figure><div class=\"fg-loader\"><\/div><\/div>\t\t<\/div>\n\t\t<div class=\"fiv-ctrls\">\n\t\t\t<button type=\"button\" class=\"fiv-prev\" title=\"Prev\"><span>Prev<\/span><\/button>\n\t\t\t<label class=\"fiv-count\"><span class=\"fiv-count-current\">1<\/span>of<span class=\"fiv-count-total\">11<\/span><\/label>\n\t\t\t<button type=\"button\" class=\"fiv-next\" title=\"Next\"><span>Next<\/span><\/button>\n\t\t<\/div>\n\t<\/div>\n<\/div>\n<p>Na \u00faltima sexta (1\u00ba), Dia do Trabalhador, a Enfermagem do Distrito Federal foi a voz de todos os profissionais da sa\u00fade espalhados pelo Brasil. A manifesta\u00e7\u00e3o organizada pelos enfermeiros na Pra\u00e7a dos Tr\u00eas Poderes lembrou os cinquenta enfermeiros mortos na luta contra a Covid-19, e foi um grito de socorro para as dificuldades enfrentadas no combate \u00e0 pandemia \u2013 que avan\u00e7a ao mesmo passo de uma crise pol\u00edtica e institucional sem precedentes, e agrava ainda mais a j\u00e1 ca\u00f3tica situa\u00e7\u00e3o do pa\u00eds.<\/p>\n<p>No entanto, durante o ato, alguns militantes favor\u00e1veis ao presidente da rep\u00fablica Jair Bolsonaro e a necropol\u00edtica adotada por seu governo hostilizaram e agrediram os enfermeiros, que protestavam justamente contra a neglig\u00eancia do Estado brasileiro frente aos mais de cem mil infectados pelo coronav\u00edrus no pa\u00eds.<\/p>\n<p>Felizmente, a popula\u00e7\u00e3o brasileira parece cada vez mais sens\u00edvel \u00e0 import\u00e2ncia dos profissionais de enfermagem, n\u00e3o apenas no contexto da pandemia, mas como elementos fundamentais para o fortalecimento do sistema de sa\u00fade no pa\u00eds. O Sindicato dos Enfermeiros do Distrito Federal (SindEnfermeiro-DF) recebeu, entre os dias 02 e 04 de maio, dezenas de e-mails de todo o pa\u00eds \u2013 e fora dele \u2013 em solidariedade \u00e0 categoria, agradecendo pelo empenho de cada enfermeiro e repudiando o ato covarde ocorrido no \u00faltimo s\u00e1bado.<\/p>\n<p>Al\u00e9m da popula\u00e7\u00e3o, pol\u00edticos e entidades de diversas categorias tamb\u00e9m se manifestaram sobre o ocorrido. A Federa\u00e7\u00e3o Nacional de Enfermagem (FNE) enviou nota em apoio aos enfermeiros, e ressalta que \u201capesar de se tratar de um ato respeitoso e justo, seus participantes foram atacados por um grupo de defensores do Presidente Bolsonaro e do fim da medida de distanciamento social, com palavras de \u00f3dio gratuito e les\u00f5es f\u00edsicas\u201d.<\/p>\n<p>A deputada distrital \u00c9rika Kokay (PT-DF) tamb\u00e9m se manifestou, afirmando que \u201cn\u00e3o ser\u00e3o medidos esfor\u00e7os para que tamanha agress\u00e3o n\u00e3o fique impune, e ressaltando que \u201ca popula\u00e7\u00e3o brasileira reconhece o valor de cada uma e cada um desses profissionais\u201d. Ao final da nota, a deputada oferece, ainda, os cumprimentos a todos os enfermeiros presentes no ato e as entidades que defendem a categoria em todo o pa\u00eds, entre elas o SindEnfermeiro.<\/p>\n<p>Em nome de todos os profissionais de enfermagem, o SindEnfermeiro-DF agradece \u00e0 todas as manifesta\u00e7\u00f5es de apoio dos mais diversos setores da sociedade. Contar com a for\u00e7a da popula\u00e7\u00e3o brasileira nesse momento \u00e9 o combust\u00edvel que move cada um de n\u00f3s a lutar contra todas as dificuldades para salvar vidas.<\/p>\n<p>E para todos os enfermeiros do pa\u00eds, fica o trecho de um dos e-mails recebidos, de autoria do administrador hospitalar Sergio Augusto \u2013 e que sintetiza toda a luta de cada um de voc\u00eas.<\/p>\n<p><strong>\u201cHer\u00f3is de verdade existem sim e, muitas vezes, vestem branco e usam m\u00e1scaras\u201d.<\/strong><\/p>\n<p>&nbsp;<\/p>\n<p>&nbsp;<\/p>\n<p>&nbsp;<\/p>\n","protected":false},"excerpt":{"rendered":"<p>Na \u00faltima sexta (1\u00ba), Dia do Trabalhador, a Enfermagem do Distrito Federal foi a voz de todos os profissionais da sa\u00fade espalhados pelo Brasil. A manifesta\u00e7\u00e3o organizada pelos enfermeiros na Pra\u00e7a dos Tr\u00eas Poderes lembrou os cinquenta enfermeiros mortos na luta contra a Covid-19, e foi um grito de socorro para as dificuldades enfrentadas no [&hellip;]<\/p>\n","protected":false},"author":6,"featured_media":39608,"comment_status":"open","ping_status":"open","sticky":false,"template":"","format":"standard","meta":{"footnotes":""},"categories":[6,13,5],"tags":[214,517,54,518,56],"class_list":["post-39597","post","type-post","status-publish","format-standard","has-post-thumbnail","hentry","category-noticias","category-rede-privada","category-rede-publica","tag-ato","tag-dia-do-trabalhador","tag-enfermeiros","tag-manifestacao","tag-sindicato"],"_links":{"self":[{"href":"https:\/\/sindenfermeiro.com.br\/index.php\/wp-json\/wp\/v2\/posts\/39597","targetHints":{"allow":["GET"]}}],"collection":[{"href":"https:\/\/sindenfermeiro.com.br\/index.php\/wp-json\/wp\/v2\/posts"}],"about":[{"href":"https:\/\/sindenfermeiro.com.br\/index.php\/wp-json\/wp\/v2\/types\/post"}],"author":[{"embeddable":true,"href":"https:\/\/sindenfermeiro.com.br\/index.php\/wp-json\/wp\/v2\/users\/6"}],"replies":[{"embeddable":true,"href":"https:\/\/sindenfermeiro.com.br\/index.php\/wp-json\/wp\/v2\/comments?post=39597"}],"version-history":[{"count":2,"href":"https:\/\/sindenfermeiro.com.br\/index.php\/wp-json\/wp\/v2\/posts\/39597\/revisions"}],"predecessor-version":[{"id":39613,"href":"https:\/\/sindenfermeiro.com.br\/index.php\/wp-json\/wp\/v2\/posts\/39597\/revisions\/39613"}],"wp:featuredmedia":[{"embeddable":true,"href":"https:\/\/sindenfermeiro.com.br\/index.php\/wp-json\/wp\/v2\/media\/39608"}],"wp:attachment":[{"href":"https:\/\/sindenfermeiro.com.br\/index.php\/wp-json\/wp\/v2\/media?parent=39597"}],"wp:term":[{"taxonomy":"category","embeddable":true,"href":"https:\/\/sindenfermeiro.com.br\/index.php\/wp-json\/wp\/v2\/categories?post=39597"},{"taxonomy":"post_tag","embeddable":true,"href":"https:\/\/sindenfermeiro.com.br\/index.php\/wp-json\/wp\/v2\/tags?post=39597"}],"curies":[{"name":"wp","href":"https:\/\/api.w.org\/{rel}","templated":true}]}}