{"id":39589,"date":"2020-05-04T11:42:12","date_gmt":"2020-05-04T14:42:12","guid":{"rendered":"https:\/\/sindenfermeiro.com.br\/?p=39589"},"modified":"2026-04-26T20:46:57","modified_gmt":"2026-04-26T23:46:57","slug":"nota-de-esclarecimento-agressoes-a-enfermeiras-durante-ato-em-1o-de-maio","status":"publish","type":"post","link":"https:\/\/sindenfermeiro.com.br\/index.php\/2020\/05\/04\/nota-de-esclarecimento-agressoes-a-enfermeiras-durante-ato-em-1o-de-maio\/","title":{"rendered":"Nota de esclarecimento: profissionais da enfermagem agredidas durante ato em 1\u00ba de maio"},"content":{"rendered":"<p style=\"text-align: justify\">O Sindicato dos Enfermeiros do Distrito Federal vem por meio desta nota oficial esclarecer que est\u00e1 tomando todas as medidas judiciais cab\u00edveis em rela\u00e7\u00e3o \u00e0s agress\u00f5es sofridas pelas profissionais de enfermagem no \u00faltimo dia 1\u00ba de maio.<\/p>\n<p style=\"text-align: justify\">Os departamentos jur\u00eddicos do SindEnfermeiro-DF, Conselho Regional de Enfermagem do DF e do Conselho Federal de Enfermagem est\u00e3o trabalhando em conjunto para que todas as provid\u00eancias legais sejam tomadas pelos \u00f3rg\u00e3os competentes.<\/p>\n<p style=\"text-align: justify\">A viol\u00eancia sofrida pelas profissionais n\u00e3o atingiu apenas o f\u00edsico e psicol\u00f3gico das trabalhadoras, mas de toda a categoria da enfermagem. O ato tinha como inten\u00e7\u00e3o chamar a aten\u00e7\u00e3o para os enfermeiros de todo o pa\u00eds, atrav\u00e9s de tr\u00eas objetivos centrais: defender o isolamento social com base cient\u00edfica, homenagear os trabalhadores da enfermagem de todo o Brasil que morreram lutando contra a Covid-19 e mostrar a import\u00e2ncia da categoria.<\/p>\n<p style=\"text-align: justify\">Infelizmente, as agress\u00f5es sofridas pelas profissionais no dia do ato s\u00e3o apenas a ponta de um problema muito mais profundo, que passa por falta de condi\u00e7\u00f5es de trabalho, falta de valoriza\u00e7\u00e3o e v\u00e1rias outras quest\u00f5es.<\/p>\n<p style=\"text-align: justify\">No entanto, a enfermagem \u00e9 feita de luta. O SindEnfermeiro reitera seu compromisso em defender as enfermeiras e enfermeiros, o Sistema \u00danico de Sa\u00fade p\u00fablico e universal e a democracia acima de tudo e de todos.<\/p>\n<p style=\"text-align: justify\"><strong>E por fim, relembra #LuteComoUmEnfermeira!<\/strong><\/p>\n","protected":false},"excerpt":{"rendered":"<p>O Sindicato dos Enfermeiros do Distrito Federal vem por meio desta nota oficial esclarecer que est\u00e1 tomando todas as medidas judiciais cab\u00edveis em rela\u00e7\u00e3o \u00e0s agress\u00f5es sofridas pelas profissionais de enfermagem no \u00faltimo dia 1\u00ba de maio. Os departamentos jur\u00eddicos do SindEnfermeiro-DF, Conselho Regional de Enfermagem do DF e do Conselho Federal de Enfermagem est\u00e3o [&hellip;]<\/p>\n","protected":false},"author":6,"featured_media":39590,"comment_status":"open","ping_status":"open","sticky":false,"template":"","format":"standard","meta":{"footnotes":""},"categories":[6,13,5],"tags":[516,284,140,7,515,21],"class_list":["post-39589","post","type-post","status-publish","format-standard","has-post-thumbnail","hentry","category-noticias","category-rede-privada","category-rede-publica","tag-ato-1o-de-maio","tag-cofen","tag-coren","tag-enfermagem","tag-noto-de-esclarecimento","tag-sindenfermeiro"],"_links":{"self":[{"href":"https:\/\/sindenfermeiro.com.br\/index.php\/wp-json\/wp\/v2\/posts\/39589","targetHints":{"allow":["GET"]}}],"collection":[{"href":"https:\/\/sindenfermeiro.com.br\/index.php\/wp-json\/wp\/v2\/posts"}],"about":[{"href":"https:\/\/sindenfermeiro.com.br\/index.php\/wp-json\/wp\/v2\/types\/post"}],"author":[{"embeddable":true,"href":"https:\/\/sindenfermeiro.com.br\/index.php\/wp-json\/wp\/v2\/users\/6"}],"replies":[{"embeddable":true,"href":"https:\/\/sindenfermeiro.com.br\/index.php\/wp-json\/wp\/v2\/comments?post=39589"}],"version-history":[{"count":4,"href":"https:\/\/sindenfermeiro.com.br\/index.php\/wp-json\/wp\/v2\/posts\/39589\/revisions"}],"predecessor-version":[{"id":39595,"href":"https:\/\/sindenfermeiro.com.br\/index.php\/wp-json\/wp\/v2\/posts\/39589\/revisions\/39595"}],"wp:featuredmedia":[{"embeddable":true,"href":"https:\/\/sindenfermeiro.com.br\/index.php\/wp-json\/wp\/v2\/media\/39590"}],"wp:attachment":[{"href":"https:\/\/sindenfermeiro.com.br\/index.php\/wp-json\/wp\/v2\/media?parent=39589"}],"wp:term":[{"taxonomy":"category","embeddable":true,"href":"https:\/\/sindenfermeiro.com.br\/index.php\/wp-json\/wp\/v2\/categories?post=39589"},{"taxonomy":"post_tag","embeddable":true,"href":"https:\/\/sindenfermeiro.com.br\/index.php\/wp-json\/wp\/v2\/tags?post=39589"}],"curies":[{"name":"wp","href":"https:\/\/api.w.org\/{rel}","templated":true}]}}