{"id":39579,"date":"2020-05-01T14:07:13","date_gmt":"2020-05-01T17:07:13","guid":{"rendered":"https:\/\/sindenfermeiro.com.br\/?p=39579"},"modified":"2026-04-26T20:47:04","modified_gmt":"2026-04-26T23:47:04","slug":"nota-de-repudio-as-agressoes-sofridas-pelas-enfermeiras-durante-a-manifestacao-em-prol-da-enfermagem-nacional-na-praca-dos-tres-poderes","status":"publish","type":"post","link":"https:\/\/sindenfermeiro.com.br\/index.php\/2020\/05\/01\/nota-de-repudio-as-agressoes-sofridas-pelas-enfermeiras-durante-a-manifestacao-em-prol-da-enfermagem-nacional-na-praca-dos-tres-poderes\/","title":{"rendered":"NOTA DE REP\u00daDIO AS AGRESS\u00d5ES SOFRIDAS PELAS ENFERMEIRAS DURANTE A MANIFESTA\u00c7\u00c3O EM PROL DA ENFERMAGEM NACIONAL, NA PRA\u00c7A DOS TR\u00caS PODERES"},"content":{"rendered":"<p style=\"text-align: justify\">O Sindicato dos Enfermeiros do Distrito Federal vem por meio dessa nota repudiar agress\u00f5es f\u00edsicas e verbais que apoiadores do Presidente da Rep\u00fablica cometeram contra enfermeiras na manh\u00e3 desta sexta-feira, dia 1\u00ba de maio, que participavam de um ato na Pra\u00e7a dos Tr\u00eas Poderes.<\/p>\n<p style=\"text-align: justify\">O ato tinha como objetivo chamar a aten\u00e7\u00e3o para a enfermagem nacional. O protesto tinha tr\u00eas objetivos centrais: defender o isolamento social com base cient\u00edfica, homenagear os trabalhadores da enfermagem de todo o Brasil que morreram lutando contra a Covid-19 e mostrar a import\u00e2ncia da categoria.<\/p>\n<p style=\"text-align: justify\">O Ato foi uma iniciativa da categoria, apoiada pelo Sindenfermeiro, uma vez que os diretores da entidade s\u00e3o enfermeiros e tamb\u00e9m est\u00e3o na linha de frente. A organiza\u00e7\u00e3o se seu a partir dos pr\u00f3prios trabalhadores da enfermagem que est\u00e3o na linha de frente contra o novo coronav\u00edrus.<\/p>\n<p style=\"text-align: justify\">As atitudes tomadas pelos apoiadores do governo v\u00e3o ao encontro de ideologias fascistas e antidemocr\u00e1ticas. Infelizmente, s\u00e3o embasadas pelas atitudes do Presidente da Rep\u00fablica que diversas vezes debocha das consequ\u00eancias da pandemia, desconsidera todas as recomenda\u00e7\u00f5es e diretrizes sobre a import\u00e2ncia do isolamento social ao combate do novo coronav\u00edrus.<\/p>\n<p style=\"text-align: justify\">Hoje, no Brasil, s\u00e3o mais de 2,3 milh\u00f5es de profissionais de Enfermagem, que est\u00e3o na luta contra a Covid-19. Por isso, em respeito \u00e0 vida da maioria da popula\u00e7\u00e3o e pensando na seguran\u00e7a dos milhares trabalhadores da sa\u00fade que superam o medo para salvar vidas, o SindEnfermeiro repudia, veementemente, as atitudes fascistas e antidemocr\u00e1ticas do grupo pr\u00f3-governo, e ressalta a import\u00e2ncia de a popula\u00e7\u00e3o seguir as recomenda\u00e7\u00f5es da comunidade cient\u00edfica mundial de isolamento social.<\/p>\n<p style=\"text-align: justify\">O sindicato se orgulha das enfermeiras que resistiram \u00e0s provoca\u00e7\u00f5es do grupo bolsonarista. A enfermagem \u00e9 feita de luta. O SindEnfermeiro reitera seu compromisso pela defesa das enfermeiras e enfermeiros, do Sistema \u00danico de Sa\u00fade p\u00fablico e universal e da democracia acima de tudo e de todos.<\/p>\n<p style=\"text-align: justify\">E por fim, relembra #LuteComoUmaEnfermeira !<\/p>\n","protected":false},"excerpt":{"rendered":"<p>O Sindicato dos Enfermeiros do Distrito Federal vem por meio dessa nota repudiar agress\u00f5es f\u00edsicas e verbais que apoiadores do Presidente da Rep\u00fablica cometeram contra enfermeiras na manh\u00e3 desta sexta-feira, dia 1\u00ba de maio, que participavam de um ato na Pra\u00e7a dos Tr\u00eas Poderes. O ato tinha como objetivo chamar a aten\u00e7\u00e3o para a enfermagem [&hellip;]<\/p>\n","protected":false},"author":6,"featured_media":39205,"comment_status":"open","ping_status":"open","sticky":false,"template":"","format":"standard","meta":{"footnotes":""},"categories":[6,13,5],"tags":[],"class_list":["post-39579","post","type-post","status-publish","format-standard","has-post-thumbnail","hentry","category-noticias","category-rede-privada","category-rede-publica"],"_links":{"self":[{"href":"https:\/\/sindenfermeiro.com.br\/index.php\/wp-json\/wp\/v2\/posts\/39579","targetHints":{"allow":["GET"]}}],"collection":[{"href":"https:\/\/sindenfermeiro.com.br\/index.php\/wp-json\/wp\/v2\/posts"}],"about":[{"href":"https:\/\/sindenfermeiro.com.br\/index.php\/wp-json\/wp\/v2\/types\/post"}],"author":[{"embeddable":true,"href":"https:\/\/sindenfermeiro.com.br\/index.php\/wp-json\/wp\/v2\/users\/6"}],"replies":[{"embeddable":true,"href":"https:\/\/sindenfermeiro.com.br\/index.php\/wp-json\/wp\/v2\/comments?post=39579"}],"version-history":[{"count":9,"href":"https:\/\/sindenfermeiro.com.br\/index.php\/wp-json\/wp\/v2\/posts\/39579\/revisions"}],"predecessor-version":[{"id":39588,"href":"https:\/\/sindenfermeiro.com.br\/index.php\/wp-json\/wp\/v2\/posts\/39579\/revisions\/39588"}],"wp:featuredmedia":[{"embeddable":true,"href":"https:\/\/sindenfermeiro.com.br\/index.php\/wp-json\/wp\/v2\/media\/39205"}],"wp:attachment":[{"href":"https:\/\/sindenfermeiro.com.br\/index.php\/wp-json\/wp\/v2\/media?parent=39579"}],"wp:term":[{"taxonomy":"category","embeddable":true,"href":"https:\/\/sindenfermeiro.com.br\/index.php\/wp-json\/wp\/v2\/categories?post=39579"},{"taxonomy":"post_tag","embeddable":true,"href":"https:\/\/sindenfermeiro.com.br\/index.php\/wp-json\/wp\/v2\/tags?post=39579"}],"curies":[{"name":"wp","href":"https:\/\/api.w.org\/{rel}","templated":true}]}}