{"id":39561,"date":"2020-04-29T14:38:28","date_gmt":"2020-04-29T17:38:28","guid":{"rendered":"https:\/\/sindenfermeiro.com.br\/?p=39561"},"modified":"2026-04-26T20:45:23","modified_gmt":"2026-04-26T23:45:23","slug":"live-saude-e-gestao-em-tempos-de-covid-19","status":"publish","type":"post","link":"https:\/\/sindenfermeiro.com.br\/index.php\/2020\/04\/29\/live-saude-e-gestao-em-tempos-de-covid-19\/","title":{"rendered":"LIVE: Sa\u00fade e Gest\u00e3o em Tempos de Covid-19"},"content":{"rendered":"<div data-offset-key=\"b0j25-0-0\"><img loading=\"lazy\" decoding=\"async\" class=\"aligncenter wp-image-39562 \" src=\"https:\/\/sindenfermeiro.com.br\/wp-content\/uploads\/2020\/04\/WhatsApp-Image-2020-04-29-at-11.19.20-1024x995.jpeg\" alt=\"\" width=\"500\" height=\"486\" srcset=\"https:\/\/sindenfermeiro.com.br\/wp-content\/uploads\/2020\/04\/WhatsApp-Image-2020-04-29-at-11.19.20-1024x995.jpeg 1024w, https:\/\/sindenfermeiro.com.br\/wp-content\/uploads\/2020\/04\/WhatsApp-Image-2020-04-29-at-11.19.20-300x291.jpeg 300w, https:\/\/sindenfermeiro.com.br\/wp-content\/uploads\/2020\/04\/WhatsApp-Image-2020-04-29-at-11.19.20-768x746.jpeg 768w, https:\/\/sindenfermeiro.com.br\/wp-content\/uploads\/2020\/04\/WhatsApp-Image-2020-04-29-at-11.19.20.jpeg 1112w\" sizes=\"auto, (max-width: 500px) 100vw, 500px\" \/><\/div>\n<div class=\"\" data-block=\"true\" data-editor=\"3di9u\" data-offset-key=\"b0j25-0-0\">\n<div data-offset-key=\"b0j25-0-0\"><\/div>\n<div class=\"_1mf _1mj\" data-offset-key=\"b0j25-0-0\">A Faculdade UnyLeya, parceira do SindEnfermeiro-DF, est\u00e1 promovendo uma discuss\u00e3o sobre Sa\u00fade e Gest\u00e3o com enfoque no combate ao coronav\u00edrus! No pr\u00f3ximo dia 05 de maio (ter\u00e7a), \u00e0s 18 horas, especialistas e profissionais de sa\u00fade estar\u00e3o debatendo o tema ao vivo, e voc\u00ea poder\u00e1 acompanhar de casa!<\/div>\n<\/div>\n<div class=\"\" data-block=\"true\" data-editor=\"3di9u\" data-offset-key=\"4fn9u-0-0\">\n<div class=\"_1mf _1mj\" data-offset-key=\"4fn9u-0-0\"><span data-offset-key=\"4fn9u-0-0\">\u00a0<\/span><\/div>\n<\/div>\n<div class=\"\" data-block=\"true\" data-editor=\"3di9u\" data-offset-key=\"9vqp0-0-0\">\n<div class=\"_1mf _1mj\" data-offset-key=\"9vqp0-0-0\"><span data-offset-key=\"9vqp0-0-0\">O debate ser\u00e1 moderado pelo Mestre em Ci\u00eancias de Sa\u00fade, Dr. Paulo Oliveira, e ter\u00e1 a participa\u00e7\u00e3o do Dr. Carlos Goes, Mestre em Sa\u00fade P\u00fablica pela Universidade de Paris, direto do Reino Unido, e ter\u00e1 a participa\u00e7\u00e3o da convidada Dra. Liane Cavalcante, especialista em medicina de urg\u00eancia, que est\u00e1 na linha de frente em um hospital em Manaus. <\/span><\/div>\n<\/div>\n<div class=\"\" data-block=\"true\" data-editor=\"3di9u\" data-offset-key=\"5620l-0-0\">\n<div class=\"_1mf _1mj\" data-offset-key=\"5620l-0-0\"><span data-offset-key=\"5620l-0-0\">\u00a0<\/span><\/div>\n<\/div>\n<div class=\"\" data-block=\"true\" data-editor=\"3di9u\" data-offset-key=\"ccs0a-0-0\">\n<div class=\"_1mf _1mj\" data-offset-key=\"ccs0a-0-0\"><span data-offset-key=\"ccs0a-0-0\">Voc\u00ea receber\u00e1 uma notifica\u00e7\u00e3o em seu e-mail avisando o in\u00edcio da transmiss\u00e3o. Pra isso, basta se inscrever para participar da live <a href=\"https:\/\/online.unyleya.edu.br\/live.saudeegestao\">clicando aqui.<\/a><\/span><\/div>\n<\/div>\n<div class=\"\" data-block=\"true\" data-editor=\"3di9u\" data-offset-key=\"c747q-0-0\">\n<div class=\"_1mf _1mj\" data-offset-key=\"c747q-0-0\"><span data-offset-key=\"c747q-0-0\">\u00a0<\/span><\/div>\n<\/div>\n<div class=\"\" data-block=\"true\" data-editor=\"3di9u\" data-offset-key=\"8vp3e-0-0\">\n<div class=\"_1mf _1mj\" data-offset-key=\"8vp3e-0-0\"><strong>Participe, as inscri\u00e7\u00f5es s\u00e3o gratuitas! <\/strong><\/div>\n<\/div>\n<div class=\"\" data-block=\"true\" data-editor=\"3di9u\" data-offset-key=\"39js9-0-0\">\n<div class=\"_1mf _1mj\" data-offset-key=\"39js9-0-0\"><\/div>\n<\/div>\n","protected":false},"excerpt":{"rendered":"<p>A Faculdade UnyLeya, parceira do SindEnfermeiro-DF, est\u00e1 promovendo uma discuss\u00e3o sobre Sa\u00fade e Gest\u00e3o com enfoque no combate ao coronav\u00edrus! No pr\u00f3ximo dia 05 de maio (ter\u00e7a), \u00e0s 18 horas, especialistas e profissionais de sa\u00fade estar\u00e3o debatendo o tema ao vivo, e voc\u00ea poder\u00e1 acompanhar de casa! \u00a0 O debate ser\u00e1 moderado pelo Mestre em [&hellip;]<\/p>\n","protected":false},"author":6,"featured_media":39562,"comment_status":"open","ping_status":"open","sticky":false,"template":"","format":"standard","meta":{"footnotes":""},"categories":[6,13,5],"tags":[64,105,21,511],"class_list":["post-39561","post","type-post","status-publish","format-standard","has-post-thumbnail","hentry","category-noticias","category-rede-privada","category-rede-publica","tag-clube-de-vantagens","tag-curso","tag-sindenfermeiro","tag-unyleya"],"_links":{"self":[{"href":"https:\/\/sindenfermeiro.com.br\/index.php\/wp-json\/wp\/v2\/posts\/39561","targetHints":{"allow":["GET"]}}],"collection":[{"href":"https:\/\/sindenfermeiro.com.br\/index.php\/wp-json\/wp\/v2\/posts"}],"about":[{"href":"https:\/\/sindenfermeiro.com.br\/index.php\/wp-json\/wp\/v2\/types\/post"}],"author":[{"embeddable":true,"href":"https:\/\/sindenfermeiro.com.br\/index.php\/wp-json\/wp\/v2\/users\/6"}],"replies":[{"embeddable":true,"href":"https:\/\/sindenfermeiro.com.br\/index.php\/wp-json\/wp\/v2\/comments?post=39561"}],"version-history":[{"count":7,"href":"https:\/\/sindenfermeiro.com.br\/index.php\/wp-json\/wp\/v2\/posts\/39561\/revisions"}],"predecessor-version":[{"id":39565,"href":"https:\/\/sindenfermeiro.com.br\/index.php\/wp-json\/wp\/v2\/posts\/39561\/revisions\/39565"}],"wp:featuredmedia":[{"embeddable":true,"href":"https:\/\/sindenfermeiro.com.br\/index.php\/wp-json\/wp\/v2\/media\/39562"}],"wp:attachment":[{"href":"https:\/\/sindenfermeiro.com.br\/index.php\/wp-json\/wp\/v2\/media?parent=39561"}],"wp:term":[{"taxonomy":"category","embeddable":true,"href":"https:\/\/sindenfermeiro.com.br\/index.php\/wp-json\/wp\/v2\/categories?post=39561"},{"taxonomy":"post_tag","embeddable":true,"href":"https:\/\/sindenfermeiro.com.br\/index.php\/wp-json\/wp\/v2\/tags?post=39561"}],"curies":[{"name":"wp","href":"https:\/\/api.w.org\/{rel}","templated":true}]}}