{"id":39548,"date":"2020-04-24T15:13:24","date_gmt":"2020-04-24T18:13:24","guid":{"rendered":"https:\/\/sindenfermeiro.com.br\/?p=39548"},"modified":"2026-04-27T04:41:15","modified_gmt":"2026-04-27T07:41:15","slug":"acao-conjunta-contra-a-covid-19-vai-ao-hrgu-averiguar-condicoes-de-trabalho","status":"publish","type":"post","link":"https:\/\/sindenfermeiro.com.br\/index.php\/2020\/04\/24\/acao-conjunta-contra-a-covid-19-vai-ao-hrgu-averiguar-condicoes-de-trabalho\/","title":{"rendered":"A\u00e7\u00e3o Conjunta contra a Covid-19 vai ao HRGu averiguar condi\u00e7\u00f5es de trabalho"},"content":{"rendered":"<style type=\"text\/css\">\n#foogallery-gallery-39558 .fg-image { width: 640px; }<\/style>\n\t\t\t<div class=\"foogallery foogallery-container foogallery-image-viewer foogallery-link-image foogallery-lightbox-none fg-center fg-image-viewer fg-ready fg-light fg-border-thin fg-shadow-outline fg-loading-default fg-loaded-fade-in fg-caption-hover fg-hover-fade fg-hover-zoom\" id=\"foogallery-gallery-39558\" data-foogallery=\"{&quot;item&quot;:{&quot;showCaptionTitle&quot;:true,&quot;showCaptionDescription&quot;:true},&quot;lazy&quot;:true,&quot;template&quot;:{&quot;loop&quot;:true}}\" style=\"--fg-title-line-clamp: 0; --fg-description-line-clamp: 0;\" >\n\t<div class=\"fiv-inner\">\n\t\t<div class=\"fiv-inner-container\">\n\t\t\t<div class=\"fg-item fg-type-image fg-idle\"><figure class=\"fg-item-inner\"><a href=\"https:\/\/sindenfermeiro.com.br\/wp-content\/uploads\/2020\/04\/WhatsApp-Image-2020-04-24-at-13.02.44-1.jpeg\" data-attachment-id=\"39550\" data-type=\"image\" class=\"fg-thumb\"><span class=\"fg-image-wrap\"><img fetchpriority=\"high\" decoding=\"async\" width=\"640\" height=\"360\" class=\"skip-lazy fg-image\" data-src-fg=\"https:\/\/sindenfermeiro.com.br\/wp-content\/uploads\/cache\/2020\/04\/WhatsApp-Image-2020-04-24-at-13_02_44-1\/3178752727.jpeg\" src=\"data:image\/svg+xml,%3Csvg%20xmlns%3D%22http%3A%2F%2Fwww.w3.org%2F2000%2Fsvg%22%20width%3D%22640%22%20height%3D%22360%22%20viewBox%3D%220%200%20640%20360%22%3E%3C%2Fsvg%3E\" loading=\"eager\"><\/span><span class=\"fg-image-overlay\"><\/span><\/a><\/figure><div class=\"fg-loader\"><\/div><\/div><div class=\"fg-item fg-type-image fg-idle\"><figure class=\"fg-item-inner\"><a href=\"https:\/\/sindenfermeiro.com.br\/wp-content\/uploads\/2020\/04\/WhatsApp-Image-2020-04-24-at-13.14.22.jpeg\" data-attachment-id=\"39549\" data-type=\"image\" class=\"fg-thumb\"><span class=\"fg-image-wrap\"><img decoding=\"async\" width=\"640\" height=\"360\" class=\"skip-lazy fg-image\" data-src-fg=\"https:\/\/sindenfermeiro.com.br\/wp-content\/uploads\/cache\/2020\/04\/WhatsApp-Image-2020-04-24-at-13_14_22\/3513430521.jpeg\" src=\"data:image\/svg+xml,%3Csvg%20xmlns%3D%22http%3A%2F%2Fwww.w3.org%2F2000%2Fsvg%22%20width%3D%22640%22%20height%3D%22360%22%20viewBox%3D%220%200%20640%20360%22%3E%3C%2Fsvg%3E\" loading=\"eager\"><\/span><span class=\"fg-image-overlay\"><\/span><\/a><\/figure><div class=\"fg-loader\"><\/div><\/div><div class=\"fg-item fg-type-image fg-idle\"><figure class=\"fg-item-inner\"><a href=\"https:\/\/sindenfermeiro.com.br\/wp-content\/uploads\/2020\/04\/WhatsApp-Image-2020-04-24-at-13.02.44-2.jpeg\" data-attachment-id=\"39551\" data-type=\"image\" class=\"fg-thumb\"><span class=\"fg-image-wrap\"><img decoding=\"async\" width=\"640\" height=\"360\" class=\"skip-lazy fg-image\" data-src-fg=\"https:\/\/sindenfermeiro.com.br\/wp-content\/uploads\/cache\/2020\/04\/WhatsApp-Image-2020-04-24-at-13_02_44-2\/3799181878.jpeg\" src=\"data:image\/svg+xml,%3Csvg%20xmlns%3D%22http%3A%2F%2Fwww.w3.org%2F2000%2Fsvg%22%20width%3D%22640%22%20height%3D%22360%22%20viewBox%3D%220%200%20640%20360%22%3E%3C%2Fsvg%3E\" loading=\"eager\"><\/span><span class=\"fg-image-overlay\"><\/span><\/a><\/figure><div class=\"fg-loader\"><\/div><\/div>\t\t<\/div>\n\t\t<div class=\"fiv-ctrls\">\n\t\t\t<button type=\"button\" class=\"fiv-prev\" title=\"Prev\"><span>Prev<\/span><\/button>\n\t\t\t<label class=\"fiv-count\"><span class=\"fiv-count-current\">1<\/span>of<span class=\"fiv-count-total\">3<\/span><\/label>\n\t\t\t<button type=\"button\" class=\"fiv-next\" title=\"Next\"><span>Next<\/span><\/button>\n\t\t<\/div>\n\t<\/div>\n<\/div>\n<p>&nbsp;<\/p>\n<p style=\"text-align: justify\">A A\u00e7\u00e3o Conjunta Covid-19 \u2013 iniciativa que re\u00fane SindEnfermeiro-DF, COREN, OAB-DF, Conselho de Sa\u00fade de Bras\u00edlia, Conselho de Sa\u00fade do DF e a Comiss\u00e3o de Direitos Humanos da C\u00e2mara Legislativa \u2013, esteve na manh\u00e3 desta sexta (24), no Hospital Regional do Guar\u00e1\u00a0 (HRGu) para acompanhar a rotina dos trabalhadores, equipamentos de prote\u00e7\u00e3o individual, o fluxo de atendimento do hospital para a retaguarda dos servi\u00e7os, bem como a seguran\u00e7a dos profissionais e a coleta dos exames feitos pelos pacientes com suspeita de Covid-19.<\/p>\n<p style=\"text-align: justify\">A A\u00e7\u00e3o Conjunta foi recebida pela diretora administrativa do hospital, Dra. Fernanda Ribeiro e por Eliane Ferreira, enfermeira da Comiss\u00e3o de Controle de Infec\u00e7\u00e3o Hospitalar, \u00a0 que apresentaram as instala\u00e7\u00f5es da unidade. Durante a visita, a for\u00e7a-tarefa tamb\u00e9m conversou com servidores para saber dos mesmos sobre as condi\u00e7\u00f5es de trabalho e a disponibilidade de materiais.<\/p>\n<p style=\"text-align: justify\">Ap\u00f3s a visita, ser\u00e1 produzido um relat\u00f3rio sobre o hospital, a inten\u00e7\u00e3o \u00e9 sugerir e pontuar algumas quest\u00f5es.<\/p>\n<p style=\"text-align: justify\"><strong>Uni\u00e3o contra a pandemia<\/strong><\/p>\n<p style=\"text-align: justify\">Al\u00e9m de visitar unidades de sa\u00fade do DF, a A\u00e7\u00e3o Conjunta Covid-19 tem como objetivo uma s\u00e9rie de atividades, entre elas mediar doa\u00e7\u00f5es de equipamentos de prote\u00e7\u00e3o individual aos profissionais que est\u00e3o na linha de frente contra o novo coronav\u00edrus e averiguar quest\u00f5es que dizem respeito aos direitos humanos e dos trabalhadores.<\/p>\n<p style=\"text-align: justify\">Depois que a A\u00e7\u00e3o Conjunta Covid-19 realizar todas as visitas, ser\u00e1 elaborado um relat\u00f3rio detalhado das unidades, que ir\u00e1 listar as quest\u00f5es percebidas pelo grupo, tanto positivas, quanto que precisam ser melhoradas, bem como sugest\u00f5es e recomenda\u00e7\u00f5es por parte das \u00e1reas t\u00e9cnicas.<\/p>\n","protected":false},"excerpt":{"rendered":"<p>&nbsp; A A\u00e7\u00e3o Conjunta Covid-19 \u2013 iniciativa que re\u00fane SindEnfermeiro-DF, COREN, OAB-DF, Conselho de Sa\u00fade de Bras\u00edlia, Conselho de Sa\u00fade do DF e a Comiss\u00e3o de Direitos Humanos da C\u00e2mara Legislativa \u2013, esteve na manh\u00e3 desta sexta (24), no Hospital Regional do Guar\u00e1\u00a0 (HRGu) para acompanhar a rotina dos trabalhadores, equipamentos de prote\u00e7\u00e3o individual, o [&hellip;]<\/p>\n","protected":false},"author":6,"featured_media":39550,"comment_status":"open","ping_status":"open","sticky":false,"template":"","format":"standard","meta":{"footnotes":""},"categories":[6,5],"tags":[497,7,509,510,21],"class_list":["post-39548","post","type-post","status-publish","format-standard","has-post-thumbnail","hentry","category-noticias","category-rede-publica","tag-acao-conjunta-covid-19","tag-enfermagem","tag-enfermagemm","tag-hrgu","tag-sindenfermeiro"],"_links":{"self":[{"href":"https:\/\/sindenfermeiro.com.br\/index.php\/wp-json\/wp\/v2\/posts\/39548","targetHints":{"allow":["GET"]}}],"collection":[{"href":"https:\/\/sindenfermeiro.com.br\/index.php\/wp-json\/wp\/v2\/posts"}],"about":[{"href":"https:\/\/sindenfermeiro.com.br\/index.php\/wp-json\/wp\/v2\/types\/post"}],"author":[{"embeddable":true,"href":"https:\/\/sindenfermeiro.com.br\/index.php\/wp-json\/wp\/v2\/users\/6"}],"replies":[{"embeddable":true,"href":"https:\/\/sindenfermeiro.com.br\/index.php\/wp-json\/wp\/v2\/comments?post=39548"}],"version-history":[{"count":8,"href":"https:\/\/sindenfermeiro.com.br\/index.php\/wp-json\/wp\/v2\/posts\/39548\/revisions"}],"predecessor-version":[{"id":39560,"href":"https:\/\/sindenfermeiro.com.br\/index.php\/wp-json\/wp\/v2\/posts\/39548\/revisions\/39560"}],"wp:featuredmedia":[{"embeddable":true,"href":"https:\/\/sindenfermeiro.com.br\/index.php\/wp-json\/wp\/v2\/media\/39550"}],"wp:attachment":[{"href":"https:\/\/sindenfermeiro.com.br\/index.php\/wp-json\/wp\/v2\/media?parent=39548"}],"wp:term":[{"taxonomy":"category","embeddable":true,"href":"https:\/\/sindenfermeiro.com.br\/index.php\/wp-json\/wp\/v2\/categories?post=39548"},{"taxonomy":"post_tag","embeddable":true,"href":"https:\/\/sindenfermeiro.com.br\/index.php\/wp-json\/wp\/v2\/tags?post=39548"}],"curies":[{"name":"wp","href":"https:\/\/api.w.org\/{rel}","templated":true}]}}