{"id":39538,"date":"2020-04-23T11:30:25","date_gmt":"2020-04-23T14:30:25","guid":{"rendered":"https:\/\/sindenfermeiro.com.br\/?p=39538"},"modified":"2026-04-27T03:35:36","modified_gmt":"2026-04-27T06:35:36","slug":"csdf-recomenda-que-gdf-mantenha-medidas-de-isolamento","status":"publish","type":"post","link":"https:\/\/sindenfermeiro.com.br\/index.php\/2020\/04\/23\/csdf-recomenda-que-gdf-mantenha-medidas-de-isolamento\/","title":{"rendered":"CSDF recomenda que GDF mantenha medidas de isolamento"},"content":{"rendered":"<p>O Conselho de Sa\u00fade do Distrito Federal (CSDF) publicou na \u00faltima ter\u00e7a-feira (21) a recomenda\u00e7\u00e3o de que o Governo do Distrito Federal mantenha o rigor das medidas de isolamento social. De acordo com a publica\u00e7\u00e3o, a atitude proporcionar\u00e1 condi\u00e7\u00f5es para que o Sistema \u00danico de Sa\u00fade (SUS) do DF seja preservado, assim como a vida da popula\u00e7\u00e3o e dos trabalhadores da sa\u00fade.<\/p>\n<p>O CSDF \u00e9 um \u00f3rg\u00e3o vinculado \u00e0 Secretaria de Sa\u00fade (SES-DF), e formado por profissionais de sa\u00fade, usu\u00e1rios, gestores e prestadores de servi\u00e7o do SUS. No texto, o Conselho tamb\u00e9m se manifestou contr\u00e1rio ao relaxamento, principalmente \u00e0 retomada das atividades escolares.<\/p>\n<p>A publica\u00e7\u00e3o destacou tamb\u00e9m que o curso da atual pandemia do novo coronav\u00edrus (Covid-19) no Distrito Federal (DF) ainda n\u00e3o enfrentou o seu pico epidemiol\u00f3gico, por conta das medidas de isolamento. O Texto fala da testagem em massa e ressalta a falta de equipamentos de prote\u00e7\u00e3o individual (EPI\u2019s) para os profissionais na linha de frente a Covid-19. \u201cEPI\u2019s para os servidores da sa\u00fade, em quantidade e qualidade necess\u00e1rias, ainda s\u00e3o um forte e amea\u00e7ador entrave, inclusive em escala mundial, expondo profissionais a um alto risco de contamina\u00e7\u00e3o e, embora haja grande esfor\u00e7o por parte da gest\u00e3o para supera\u00e7\u00e3o desse grave problema, ele ainda \u00e9 real\u201d, diz o documento.<\/p>\n<p>O diretor do Sindicato dos Enfermeiros do DF e membro do CSDF, M\u00e1rcio da Mata, apoiou a constru\u00e7\u00e3o do documento e as recomenda\u00e7\u00f5es de isolamento social. \u201cNesse momento de pandemia \u00e9 importante mantermos as recomenda\u00e7\u00f5es de distanciamento social para diminuir a curva de contamina\u00e7\u00e3o, preservar o Sistema \u00danico de Sa\u00fade e salvar vidas\u201d, completou M\u00e1rcio.<\/p>\n<p>O CSDF finaliza o texto enfatizando ser essencial que o governador do DF siga as experi\u00eancias bem sucedidas de outros pa\u00edses e as recomenda\u00e7\u00f5es da Organiza\u00e7\u00e3o Mundial da Sa\u00fade (OMS) para enfrentar a Covid-19 com o m\u00ednimo poss\u00edvel de \u00f3bitos, e preservar o m\u00e1ximo poss\u00edvel de vidas.<\/p>\n","protected":false},"excerpt":{"rendered":"<p>O Conselho de Sa\u00fade do Distrito Federal (CSDF) publicou na \u00faltima ter\u00e7a-feira (21) a recomenda\u00e7\u00e3o de que o Governo do Distrito Federal mantenha o rigor das medidas de isolamento social. De acordo com a publica\u00e7\u00e3o, a atitude proporcionar\u00e1 condi\u00e7\u00f5es para que o Sistema \u00danico de Sa\u00fade (SUS) do DF seja preservado, assim como a vida [&hellip;]<\/p>\n","protected":false},"author":6,"featured_media":39539,"comment_status":"open","ping_status":"open","sticky":false,"template":"","format":"standard","meta":{"footnotes":""},"categories":[6,5],"tags":[],"class_list":["post-39538","post","type-post","status-publish","format-standard","has-post-thumbnail","hentry","category-noticias","category-rede-publica"],"_links":{"self":[{"href":"https:\/\/sindenfermeiro.com.br\/index.php\/wp-json\/wp\/v2\/posts\/39538","targetHints":{"allow":["GET"]}}],"collection":[{"href":"https:\/\/sindenfermeiro.com.br\/index.php\/wp-json\/wp\/v2\/posts"}],"about":[{"href":"https:\/\/sindenfermeiro.com.br\/index.php\/wp-json\/wp\/v2\/types\/post"}],"author":[{"embeddable":true,"href":"https:\/\/sindenfermeiro.com.br\/index.php\/wp-json\/wp\/v2\/users\/6"}],"replies":[{"embeddable":true,"href":"https:\/\/sindenfermeiro.com.br\/index.php\/wp-json\/wp\/v2\/comments?post=39538"}],"version-history":[{"count":1,"href":"https:\/\/sindenfermeiro.com.br\/index.php\/wp-json\/wp\/v2\/posts\/39538\/revisions"}],"predecessor-version":[{"id":39540,"href":"https:\/\/sindenfermeiro.com.br\/index.php\/wp-json\/wp\/v2\/posts\/39538\/revisions\/39540"}],"wp:featuredmedia":[{"embeddable":true,"href":"https:\/\/sindenfermeiro.com.br\/index.php\/wp-json\/wp\/v2\/media\/39539"}],"wp:attachment":[{"href":"https:\/\/sindenfermeiro.com.br\/index.php\/wp-json\/wp\/v2\/media?parent=39538"}],"wp:term":[{"taxonomy":"category","embeddable":true,"href":"https:\/\/sindenfermeiro.com.br\/index.php\/wp-json\/wp\/v2\/categories?post=39538"},{"taxonomy":"post_tag","embeddable":true,"href":"https:\/\/sindenfermeiro.com.br\/index.php\/wp-json\/wp\/v2\/tags?post=39538"}],"curies":[{"name":"wp","href":"https:\/\/api.w.org\/{rel}","templated":true}]}}