{"id":39492,"date":"2020-04-22T16:12:43","date_gmt":"2020-04-22T19:12:43","guid":{"rendered":"https:\/\/sindenfermeiro.com.br\/?p=39492"},"modified":"2026-04-27T03:33:21","modified_gmt":"2026-04-27T06:33:21","slug":"acao-conjunta-contra-a-covid-19-visita-hrc-para-averiguar-condicoes-de-trabalho","status":"publish","type":"post","link":"https:\/\/sindenfermeiro.com.br\/index.php\/2020\/04\/22\/acao-conjunta-contra-a-covid-19-visita-hrc-para-averiguar-condicoes-de-trabalho\/","title":{"rendered":"A\u00e7\u00e3o Conjunta contra a Covid-19 visita HRC para averiguar condi\u00e7\u00f5es de trabalho"},"content":{"rendered":"<style type=\"text\/css\">\n#foogallery-gallery-39493 .fg-image { width: 640px; }<\/style>\n\t\t\t<div class=\"foogallery foogallery-container foogallery-image-viewer foogallery-link-image foogallery-lightbox-none fg-center fg-image-viewer fg-ready fg-light fg-border-thin fg-shadow-outline fg-loading-default fg-loaded-fade-in fg-caption-hover fg-hover-fade fg-hover-zoom\" id=\"foogallery-gallery-39493\" data-foogallery=\"{&quot;item&quot;:{&quot;showCaptionTitle&quot;:true,&quot;showCaptionDescription&quot;:true},&quot;lazy&quot;:true,&quot;template&quot;:{&quot;loop&quot;:true}}\" style=\"--fg-title-line-clamp: 0; --fg-description-line-clamp: 0;\" >\n\t<div class=\"fiv-inner\">\n\t\t<div class=\"fiv-inner-container\">\n\t\t\t<div class=\"fg-item fg-type-image fg-idle\"><figure class=\"fg-item-inner\"><a href=\"https:\/\/sindenfermeiro.com.br\/wp-content\/uploads\/2020\/04\/WhatsApp-Image-2020-04-22-at-13.15.22.jpeg\" data-attachment-id=\"39494\" data-type=\"image\" class=\"fg-thumb\"><span class=\"fg-image-wrap\"><img fetchpriority=\"high\" decoding=\"async\" width=\"640\" height=\"360\" class=\"skip-lazy fg-image\" data-src-fg=\"https:\/\/sindenfermeiro.com.br\/wp-content\/uploads\/cache\/2020\/04\/WhatsApp-Image-2020-04-22-at-13_15_22\/1873593775.jpeg\" src=\"data:image\/svg+xml,%3Csvg%20xmlns%3D%22http%3A%2F%2Fwww.w3.org%2F2000%2Fsvg%22%20width%3D%22640%22%20height%3D%22360%22%20viewBox%3D%220%200%20640%20360%22%3E%3C%2Fsvg%3E\" loading=\"eager\"><\/span><span class=\"fg-image-overlay\"><\/span><\/a><\/figure><div class=\"fg-loader\"><\/div><\/div><div class=\"fg-item fg-type-image fg-idle\"><figure class=\"fg-item-inner\"><a href=\"https:\/\/sindenfermeiro.com.br\/wp-content\/uploads\/2020\/04\/WhatsApp-Image-2020-04-22-at-13.52.14-1.jpeg\" data-attachment-id=\"39495\" data-type=\"image\" class=\"fg-thumb\"><span class=\"fg-image-wrap\"><img decoding=\"async\" width=\"640\" height=\"360\" class=\"skip-lazy fg-image\" data-src-fg=\"https:\/\/sindenfermeiro.com.br\/wp-content\/uploads\/cache\/2020\/04\/WhatsApp-Image-2020-04-22-at-13_52_14-1\/2383655492.jpeg\" src=\"data:image\/svg+xml,%3Csvg%20xmlns%3D%22http%3A%2F%2Fwww.w3.org%2F2000%2Fsvg%22%20width%3D%22640%22%20height%3D%22360%22%20viewBox%3D%220%200%20640%20360%22%3E%3C%2Fsvg%3E\" loading=\"eager\"><\/span><span class=\"fg-image-overlay\"><\/span><\/a><\/figure><div class=\"fg-loader\"><\/div><\/div><div class=\"fg-item fg-type-image fg-idle\"><figure class=\"fg-item-inner\"><a href=\"https:\/\/sindenfermeiro.com.br\/wp-content\/uploads\/2020\/04\/WhatsApp-Image-2020-04-22-at-13.52.14.jpeg\" data-attachment-id=\"39496\" data-type=\"image\" class=\"fg-thumb\"><span class=\"fg-image-wrap\"><img decoding=\"async\" width=\"640\" height=\"360\" class=\"skip-lazy fg-image\" data-src-fg=\"https:\/\/sindenfermeiro.com.br\/wp-content\/uploads\/cache\/2020\/04\/WhatsApp-Image-2020-04-22-at-13_52_14\/3939747140.jpeg\" src=\"data:image\/svg+xml,%3Csvg%20xmlns%3D%22http%3A%2F%2Fwww.w3.org%2F2000%2Fsvg%22%20width%3D%22640%22%20height%3D%22360%22%20viewBox%3D%220%200%20640%20360%22%3E%3C%2Fsvg%3E\" loading=\"eager\"><\/span><span class=\"fg-image-overlay\"><\/span><\/a><\/figure><div class=\"fg-loader\"><\/div><\/div><div class=\"fg-item fg-type-image fg-idle\"><figure class=\"fg-item-inner\"><a href=\"https:\/\/sindenfermeiro.com.br\/wp-content\/uploads\/2020\/04\/WhatsApp-Image-2020-04-22-at-13.52.15-1.jpeg\" data-attachment-id=\"39497\" data-type=\"image\" class=\"fg-thumb\"><span class=\"fg-image-wrap\"><img decoding=\"async\" width=\"640\" height=\"360\" class=\"skip-lazy fg-image\" data-src-fg=\"https:\/\/sindenfermeiro.com.br\/wp-content\/uploads\/cache\/2020\/04\/WhatsApp-Image-2020-04-22-at-13_52_15-1\/2190284236.jpeg\" src=\"data:image\/svg+xml,%3Csvg%20xmlns%3D%22http%3A%2F%2Fwww.w3.org%2F2000%2Fsvg%22%20width%3D%22640%22%20height%3D%22360%22%20viewBox%3D%220%200%20640%20360%22%3E%3C%2Fsvg%3E\" loading=\"eager\"><\/span><span class=\"fg-image-overlay\"><\/span><\/a><\/figure><div class=\"fg-loader\"><\/div><\/div><div class=\"fg-item fg-type-image fg-idle\"><figure class=\"fg-item-inner\"><a href=\"https:\/\/sindenfermeiro.com.br\/wp-content\/uploads\/2020\/04\/WhatsApp-Image-2020-04-22-at-13.52.15.jpeg\" data-attachment-id=\"39498\" data-type=\"image\" class=\"fg-thumb\"><span class=\"fg-image-wrap\"><img decoding=\"async\" width=\"640\" height=\"360\" class=\"skip-lazy fg-image\" data-src-fg=\"https:\/\/sindenfermeiro.com.br\/wp-content\/uploads\/cache\/2020\/04\/WhatsApp-Image-2020-04-22-at-13_52_15\/353508324.jpeg\" src=\"data:image\/svg+xml,%3Csvg%20xmlns%3D%22http%3A%2F%2Fwww.w3.org%2F2000%2Fsvg%22%20width%3D%22640%22%20height%3D%22360%22%20viewBox%3D%220%200%20640%20360%22%3E%3C%2Fsvg%3E\" loading=\"eager\"><\/span><span class=\"fg-image-overlay\"><\/span><\/a><\/figure><div class=\"fg-loader\"><\/div><\/div>\t\t<\/div>\n\t\t<div class=\"fiv-ctrls\">\n\t\t\t<button type=\"button\" class=\"fiv-prev\" title=\"Prev\"><span>Prev<\/span><\/button>\n\t\t\t<label class=\"fiv-count\"><span class=\"fiv-count-current\">1<\/span>of<span class=\"fiv-count-total\">5<\/span><\/label>\n\t\t\t<button type=\"button\" class=\"fiv-next\" title=\"Next\"><span>Next<\/span><\/button>\n\t\t<\/div>\n\t<\/div>\n<\/div>\n<p>Na manh\u00e3 desta quarta (22), a A\u00e7\u00e3o Conjunta Covid-19 \u2013 iniciativa que re\u00fane SindEnfermeiro-DF, COREN, OAB-DF, Conselho de Sa\u00fade de Bras\u00edlia, Conselho de Sa\u00fade do DF e a Comiss\u00e3o de Direitos Humanos da C\u00e2mara Legislativa &#8211; visitou o Hospital Regional de Ceil\u00e2ndia (HRC) para acompanhar a rotina dos trabalhadores, o fluxo de atendimento do hospital para a retaguarda dos servi\u00e7os, bem como a seguran\u00e7a dos profissionais.<\/p>\n<p>As entidades foram recebidas pelo gerente de enfermagem do hospital, Vanderson Rodrigues, e pela superintendente da regi\u00e3o Oeste, Lucilene Flor\u00eancio &#8211; que apresentaram as instala\u00e7\u00f5es da unidade. Na ocasi\u00e3o, a for\u00e7a-tarefa tamb\u00e9m conversou com servidores para saber dos mesmos sobre as condi\u00e7\u00f5es de trabalho e a disponibilidade de materiais. Durante as conversas, foi cogitada ainda a possibilidade da realiza\u00e7\u00e3o de treinamentos para a coloca\u00e7\u00e3o, uso e retirada dos equipamentos de prote\u00e7\u00e3o individual (EPIs) &#8211; com o objetivo de reduzir os riscos de contamina\u00e7\u00e3o dos profissionais.<\/p>\n<p>Por fim, os membros da A\u00e7\u00e3o Conjunta v\u00e3o elaborar um parecer conjunto para obter uma an\u00e1lise situacional da unidade, destacando os pontos positivos e abordando quest\u00f5es que necessitam de aten\u00e7\u00e3o especial, como a baixa carga hor\u00e1ria dos profissionais de medicina do trabalho &#8211; de apenas 20 horas, insuficientes para a demanda da unidade e do atendimento integrado &#8211; bem como uma maior atua\u00e7\u00e3o da Comiss\u00e3o de Controle de Infec\u00e7\u00f5es Hospitalares (CCIH) e a promo\u00e7\u00e3o de educa\u00e7\u00e3o continuada no N\u00facleo de Seguran\u00e7a do Paciente (NSP), ainda inexistente na unidade.<\/p>\n<p><strong>Uni\u00e3o contra a pandemia<\/strong><\/p>\n<p>Al\u00e9m de visitar unidades de sa\u00fade do DF, a A\u00e7\u00e3o Conjunta Covid-19 tem como objetivo uma s\u00e9rie de atividades, entre elas mediar doa\u00e7\u00f5es de equipamentos de prote\u00e7\u00e3o individual aos profissionais que est\u00e3o na linha de frente contra o novo coronav\u00edrus e averiguar quest\u00f5es que dizem respeito aos direitos humanos e dos trabalhadores.<\/p>\n<p>Depois que a A\u00e7\u00e3o Conjunta Covid-19 realizar todas as visitas, ser\u00e1 elaborado um relat\u00f3rio detalhado das unidades, que ir\u00e1 listar as quest\u00f5es percebidas pelo grupo, tanto positivas, quanto que precisam ser melhoradas, bem como sugest\u00f5es e recomenda\u00e7\u00f5es por parte das \u00e1reas t\u00e9cnicas.<\/p>\n","protected":false},"excerpt":{"rendered":"<p>Na manh\u00e3 desta quarta (22), a A\u00e7\u00e3o Conjunta Covid-19 \u2013 iniciativa que re\u00fane SindEnfermeiro-DF, COREN, OAB-DF, Conselho de Sa\u00fade de Bras\u00edlia, Conselho de Sa\u00fade do DF e a Comiss\u00e3o de Direitos Humanos da C\u00e2mara Legislativa &#8211; visitou o Hospital Regional de Ceil\u00e2ndia (HRC) para acompanhar a rotina dos trabalhadores, o fluxo de atendimento do hospital [&hellip;]<\/p>\n","protected":false},"author":6,"featured_media":39494,"comment_status":"open","ping_status":"open","sticky":false,"template":"","format":"standard","meta":{"footnotes":""},"categories":[6,5],"tags":[502,504,454,476,503,89,21],"class_list":["post-39492","post","type-post","status-publish","format-standard","has-post-thumbnail","hentry","category-noticias","category-rede-publica","tag-acao-conjunta","tag-condicoes-de-trabalho","tag-covid-19","tag-epi","tag-hospital-de-ceilandia","tag-hrc","tag-sindenfermeiro"],"_links":{"self":[{"href":"https:\/\/sindenfermeiro.com.br\/index.php\/wp-json\/wp\/v2\/posts\/39492","targetHints":{"allow":["GET"]}}],"collection":[{"href":"https:\/\/sindenfermeiro.com.br\/index.php\/wp-json\/wp\/v2\/posts"}],"about":[{"href":"https:\/\/sindenfermeiro.com.br\/index.php\/wp-json\/wp\/v2\/types\/post"}],"author":[{"embeddable":true,"href":"https:\/\/sindenfermeiro.com.br\/index.php\/wp-json\/wp\/v2\/users\/6"}],"replies":[{"embeddable":true,"href":"https:\/\/sindenfermeiro.com.br\/index.php\/wp-json\/wp\/v2\/comments?post=39492"}],"version-history":[{"count":1,"href":"https:\/\/sindenfermeiro.com.br\/index.php\/wp-json\/wp\/v2\/posts\/39492\/revisions"}],"predecessor-version":[{"id":39499,"href":"https:\/\/sindenfermeiro.com.br\/index.php\/wp-json\/wp\/v2\/posts\/39492\/revisions\/39499"}],"wp:featuredmedia":[{"embeddable":true,"href":"https:\/\/sindenfermeiro.com.br\/index.php\/wp-json\/wp\/v2\/media\/39494"}],"wp:attachment":[{"href":"https:\/\/sindenfermeiro.com.br\/index.php\/wp-json\/wp\/v2\/media?parent=39492"}],"wp:term":[{"taxonomy":"category","embeddable":true,"href":"https:\/\/sindenfermeiro.com.br\/index.php\/wp-json\/wp\/v2\/categories?post=39492"},{"taxonomy":"post_tag","embeddable":true,"href":"https:\/\/sindenfermeiro.com.br\/index.php\/wp-json\/wp\/v2\/tags?post=39492"}],"curies":[{"name":"wp","href":"https:\/\/api.w.org\/{rel}","templated":true}]}}