{"id":39453,"date":"2020-04-17T13:54:42","date_gmt":"2020-04-17T16:54:42","guid":{"rendered":"https:\/\/sindenfermeiro.com.br\/?p=39453"},"modified":"2026-04-27T04:43:46","modified_gmt":"2026-04-27T07:43:46","slug":"enfermagem-em-protagonismo-conheca-o-primeiro-enfermeiro-a-participar-do-alto-escalao-do-ministerio-da-saude","status":"publish","type":"post","link":"https:\/\/sindenfermeiro.com.br\/index.php\/2020\/04\/17\/enfermagem-em-protagonismo-conheca-o-primeiro-enfermeiro-a-participar-do-alto-escalao-do-ministerio-da-saude\/","title":{"rendered":"Enfermagem em protagonismo: conhe\u00e7a o primeiro enfermeiro a participar do alto escal\u00e3o do Minist\u00e9rio da Sa\u00fade"},"content":{"rendered":"<div id=\"attachment_39456\" style=\"width: 669px\" class=\"wp-caption aligncenter\"><img loading=\"lazy\" decoding=\"async\" aria-describedby=\"caption-attachment-39456\" class=\"wp-image-39456 \" src=\"https:\/\/sindenfermeiro.com.br\/wp-content\/uploads\/2020\/04\/saude_planalto_coletiva_governo_0414202071-1024x613.jpg\" alt=\"\" width=\"659\" height=\"395\" srcset=\"https:\/\/sindenfermeiro.com.br\/wp-content\/uploads\/2020\/04\/saude_planalto_coletiva_governo_0414202071-1024x613.jpg 1024w, https:\/\/sindenfermeiro.com.br\/wp-content\/uploads\/2020\/04\/saude_planalto_coletiva_governo_0414202071-300x179.jpg 300w, https:\/\/sindenfermeiro.com.br\/wp-content\/uploads\/2020\/04\/saude_planalto_coletiva_governo_0414202071-768x459.jpg 768w, https:\/\/sindenfermeiro.com.br\/wp-content\/uploads\/2020\/04\/saude_planalto_coletiva_governo_0414202071-200x120.jpg 200w, https:\/\/sindenfermeiro.com.br\/wp-content\/uploads\/2020\/04\/saude_planalto_coletiva_governo_0414202071.jpg 1170w\" sizes=\"auto, (max-width: 659px) 100vw, 659px\" \/><p id=\"caption-attachment-39456\" class=\"wp-caption-text\">O secret\u00e1rio de Vigil\u00e2ncia em Sa\u00fade, Wanderson Kleber de Oliveira, durante a coletiva de imprensa sobre \u00e0 infec\u00e7\u00e3o pelo novo coronav\u00edrus. Foto: Marcello Casal Jr\/Ag\u00eancia Brasil\/Ansa &#8211; Brasil<\/p><\/div>\n<p>Desde o in\u00edcio da pandemia do novo coronav\u00edrus, voc\u00ea provavelmente tem acompanhado todos os desdobramentos e a\u00e7\u00f5es planejadas pelo Minist\u00e9rio da Sa\u00fade (MS) atrav\u00e9s da imprensa e dos meios de comunica\u00e7\u00e3o oficiais do \u00f3rg\u00e3o. Mas, quem s\u00e3o os profissionais que est\u00e3o por tr\u00e1s de todo esse trabalho?<\/p>\n<p>Wanderson Kleber de Oliveira, Secret\u00e1rio Nacional de Vigil\u00e2ncia em Sa\u00fade da pasta, \u00e9 uma dessas pessoas. Primeiro profissional de enfermagem a ocupar um cargo de alto escal\u00e3o no MS, \u00e9 enfermeiro, doutor e mestre em epidemiologia, e j\u00e1 coordenou a\u00e7\u00f5es do minist\u00e9rio no combate \u00e0 pandemia da gripe Influenza e \u00e0 s\u00edndrome da Zika cong\u00eanita.<\/p>\n<p>O enfermeiro tamb\u00e9m possui especializa\u00e7\u00e3o pelo programa de treinamento em epidemiologia aplicada ao Sistema \u00danico de Sa\u00fade (SUS) pelo Centro de Controle e Preven\u00e7\u00e3o de Doen\u00e7as da Georgia, nos Estados Unidos, al\u00e9m de ser especialista em epidemiologia pela Escola de Sa\u00fade P\u00fablica Johns Hopkins, tamb\u00e9m nos EUA, e professor da escola da Funda\u00e7\u00e3o Oswaldo Cruz (FIOCRUZ), em Bras\u00edlia.<\/p>\n<p>Wanderson, que atuou como bra\u00e7o-direito do ex-ministro Luiz Henrique Mandetta, assumiu o cargo na Secretaria de Vigil\u00e2ncia em Sa\u00fade (SVS\/MS) em janeiro de 2019, com a responsabilidade de chefiar as a\u00e7\u00f5es de preven\u00e7\u00e3o e controle de doen\u00e7as transmiss\u00edveis, sa\u00fade ambiental e do trabalhador, bem como acompanhar a situa\u00e7\u00e3o de sa\u00fade da popula\u00e7\u00e3o brasileira.<\/p>\n<p>Desde o in\u00edcio da pandemia do coronav\u00edrus, o secret\u00e1rio foi um dos principais articuladores das a\u00e7\u00f5es de combate, estando presente e participando inclusive das entrevistas coletivas di\u00e1rias para atualiza\u00e7\u00e3o do n\u00famero de casos e divulga\u00e7\u00e3o de a\u00e7\u00f5es relacionadas ao tema.<\/p>\n<p><strong>Enfermagem em evolu\u00e7\u00e3o<\/strong><\/p>\n<p>Durante o lan\u00e7amento da campanha de valoriza\u00e7\u00e3o da enfermagem Nursing Now no Brasil, em 2019, o secret\u00e1rio falou <a href=\"https:\/\/www.youtube.com\/watch?v=4pHysDvLSKw\">em v\u00eddeo publicado no Youtube<\/a> sobre a evolu\u00e7\u00e3o da profiss\u00e3o com \u00eanfase na incorpora\u00e7\u00e3o de novos m\u00e9todos e tecnologias aliadas ao conhecimento t\u00e9cnico e cient\u00edfico dos enfermeiros &#8211; apontando para a necessidade de mais profissionais e maiores n\u00edveis de qualifica\u00e7\u00e3o.<\/p>\n<p>&#8220;H\u00e1 uma car\u00eancia de mais de 9 milh\u00f5es de enfermeiros no mundo, e no Brasil \u00e9 da mesma maneira &#8211; n\u00f3s necessitamos de mais enfermeiros. No entanto, a gente precisa melhorar e qualificar mais a forma\u00e7\u00e3o da enfermagem, com um melhor acesso \u00e0s \u00e1reas de est\u00e1gio, e laborat\u00f3rios onde se possa atuar e ensinar os enfermeiros na pr\u00e1tica. Afinal, enfermagem se faz no tato, no contato com o paciente&#8221;, afirmou.<\/p>\n<p>O Sindicato dos Enfermeiros do Distrito Federal (SindEnfermeiro-DF) agradece ao secret\u00e1rio Wanderson Kleber de Oliveira pelo trabalho realizado \u00e0 frente da Secretaria de Vigil\u00e2ncia em Sa\u00fade do minist\u00e9rio. Sua atua\u00e7\u00e3o no combate \u00e0 pandemia do coronav\u00edrus \u00e9 motivo de orgulho para a enfermagem &#8211; que pela primeira vez se v\u00ea de fato representada nos espa\u00e7os centrais de decis\u00e3o do MS, e seu trabalho \u00e9 uma prova do papel fundamental que o enfermeiro pode exercer no fortalecimento do Sistema \u00danico de Sa\u00fade (SUS).<\/p>\n","protected":false},"excerpt":{"rendered":"<p>Desde o in\u00edcio da pandemia do novo coronav\u00edrus, voc\u00ea provavelmente tem acompanhado todos os desdobramentos e a\u00e7\u00f5es planejadas pelo Minist\u00e9rio da Sa\u00fade (MS) atrav\u00e9s da imprensa e dos meios de comunica\u00e7\u00e3o oficiais do \u00f3rg\u00e3o. Mas, quem s\u00e3o os profissionais que est\u00e3o por tr\u00e1s de todo esse trabalho? Wanderson Kleber de Oliveira, Secret\u00e1rio Nacional de Vigil\u00e2ncia [&hellip;]<\/p>\n","protected":false},"author":6,"featured_media":39456,"comment_status":"open","ping_status":"open","sticky":false,"template":"","format":"standard","meta":{"footnotes":""},"categories":[6,5],"tags":[499,54,250,56],"class_list":["post-39453","post","type-post","status-publish","format-standard","has-post-thumbnail","hentry","category-noticias","category-rede-publica","tag-enfermagem-eu-valorizo","tag-enfermeiros","tag-ministerio-da-saude","tag-sindicato"],"_links":{"self":[{"href":"https:\/\/sindenfermeiro.com.br\/index.php\/wp-json\/wp\/v2\/posts\/39453","targetHints":{"allow":["GET"]}}],"collection":[{"href":"https:\/\/sindenfermeiro.com.br\/index.php\/wp-json\/wp\/v2\/posts"}],"about":[{"href":"https:\/\/sindenfermeiro.com.br\/index.php\/wp-json\/wp\/v2\/types\/post"}],"author":[{"embeddable":true,"href":"https:\/\/sindenfermeiro.com.br\/index.php\/wp-json\/wp\/v2\/users\/6"}],"replies":[{"embeddable":true,"href":"https:\/\/sindenfermeiro.com.br\/index.php\/wp-json\/wp\/v2\/comments?post=39453"}],"version-history":[{"count":2,"href":"https:\/\/sindenfermeiro.com.br\/index.php\/wp-json\/wp\/v2\/posts\/39453\/revisions"}],"predecessor-version":[{"id":39461,"href":"https:\/\/sindenfermeiro.com.br\/index.php\/wp-json\/wp\/v2\/posts\/39453\/revisions\/39461"}],"wp:featuredmedia":[{"embeddable":true,"href":"https:\/\/sindenfermeiro.com.br\/index.php\/wp-json\/wp\/v2\/media\/39456"}],"wp:attachment":[{"href":"https:\/\/sindenfermeiro.com.br\/index.php\/wp-json\/wp\/v2\/media?parent=39453"}],"wp:term":[{"taxonomy":"category","embeddable":true,"href":"https:\/\/sindenfermeiro.com.br\/index.php\/wp-json\/wp\/v2\/categories?post=39453"},{"taxonomy":"post_tag","embeddable":true,"href":"https:\/\/sindenfermeiro.com.br\/index.php\/wp-json\/wp\/v2\/tags?post=39453"}],"curies":[{"name":"wp","href":"https:\/\/api.w.org\/{rel}","templated":true}]}}