{"id":39432,"date":"2020-04-16T18:10:11","date_gmt":"2020-04-16T21:10:11","guid":{"rendered":"https:\/\/sindenfermeiro.com.br\/?p=39432"},"modified":"2026-04-30T03:03:51","modified_gmt":"2026-04-30T06:03:51","slug":"saiu-na-midia-presidente-do-sindenfermeiro-fala-sobre-a-importancia-dos-epis-para-os-profissionais-que-estao-na-linha-de-frente-contra-a-covid-19","status":"publish","type":"post","link":"https:\/\/sindenfermeiro.com.br\/index.php\/2020\/04\/16\/saiu-na-midia-presidente-do-sindenfermeiro-fala-sobre-a-importancia-dos-epis-para-os-profissionais-que-estao-na-linha-de-frente-contra-a-covid-19\/","title":{"rendered":"Saiu na m\u00eddia: Presidente do SindEnfermeiro fala sobre a import\u00e2ncia dos EPIs para os profissionais que est\u00e3o na linha de frente contra a Covid-19"},"content":{"rendered":"<p style=\"text-align: justify\">Os equipamentos de prote\u00e7\u00e3o individuais (EPIs) s\u00e3o materiais primordiais no atendimento de pacientes contaminados pelo novo coronav\u00edrus. No entanto, a Secretaria de Sa\u00fade do DF possui um n\u00famero reduzido desses equipamentos. A reportagem do DFTV 1 exibida nesta quinta-feira (16), mostrou o problema que os profissionais da sa\u00fade est\u00e3o enfrentando.<\/p>\n<p style=\"text-align: justify\">A presidente do SindEnfermeiro-DF, Dayse Amar\u00edlio, ressaltou o medo constante que os trabalhadores da sa\u00fade t\u00eam relatado por conta da escassez de equipamentos. \u201cO que n\u00f3s temos visto nas nossas visitas, inclusive na Farm\u00e1cia Central, a falta de equipamentos est\u00e1 em n\u00edveis cr\u00edticos. Inclusive existe a falta da m\u00e1scara N95. Nos hospitais n\u00f3s verificamos a falta desses equipamentos, que muitas vezes est\u00e3o sendo doados\u201d, destacou Dayse.<\/p>\n<p style=\"text-align: justify\">Confira a mat\u00e9ria no link abaixo:<\/p>\n<div style=\"width: 1280px;\" class=\"wp-video\"><video class=\"wp-video-shortcode\" id=\"video-39432-1\" width=\"1280\" height=\"720\" preload=\"metadata\" controls=\"controls\"><source type=\"video\/mp4\" src=\"https:\/\/sindenfermeiro.com.br\/wp-content\/uploads\/2020\/04\/WhatsApp-Video-2020-04-16-at-17.10.12-1.mp4?_=1\" \/><a href=\"https:\/\/sindenfermeiro.com.br\/wp-content\/uploads\/2020\/04\/WhatsApp-Video-2020-04-16-at-17.10.12-1.mp4\">https:\/\/sindenfermeiro.com.br\/wp-content\/uploads\/2020\/04\/WhatsApp-Video-2020-04-16-at-17.10.12-1.mp4<\/a><\/video><\/div>\n","protected":false},"excerpt":{"rendered":"<p>Os equipamentos de prote\u00e7\u00e3o individuais (EPIs) s\u00e3o materiais primordiais no atendimento de pacientes contaminados pelo novo coronav\u00edrus. No entanto, a Secretaria de Sa\u00fade do DF possui um n\u00famero reduzido desses equipamentos. A reportagem do DFTV 1 exibida nesta quinta-feira (16), mostrou o problema que os profissionais da sa\u00fade est\u00e3o enfrentando. A presidente do SindEnfermeiro-DF, Dayse [&hellip;]<\/p>\n","protected":false},"author":6,"featured_media":39434,"comment_status":"open","ping_status":"open","sticky":false,"template":"","format":"standard","meta":{"footnotes":""},"categories":[14,6,5],"tags":[484,498,7,475],"class_list":["post-39432","post","type-post","status-publish","format-standard","has-post-thumbnail","hentry","category-midia","category-noticias","category-rede-publica","tag-covid","tag-dftv","tag-enfermagem","tag-epis"],"_links":{"self":[{"href":"https:\/\/sindenfermeiro.com.br\/index.php\/wp-json\/wp\/v2\/posts\/39432","targetHints":{"allow":["GET"]}}],"collection":[{"href":"https:\/\/sindenfermeiro.com.br\/index.php\/wp-json\/wp\/v2\/posts"}],"about":[{"href":"https:\/\/sindenfermeiro.com.br\/index.php\/wp-json\/wp\/v2\/types\/post"}],"author":[{"embeddable":true,"href":"https:\/\/sindenfermeiro.com.br\/index.php\/wp-json\/wp\/v2\/users\/6"}],"replies":[{"embeddable":true,"href":"https:\/\/sindenfermeiro.com.br\/index.php\/wp-json\/wp\/v2\/comments?post=39432"}],"version-history":[{"count":2,"href":"https:\/\/sindenfermeiro.com.br\/index.php\/wp-json\/wp\/v2\/posts\/39432\/revisions"}],"predecessor-version":[{"id":39436,"href":"https:\/\/sindenfermeiro.com.br\/index.php\/wp-json\/wp\/v2\/posts\/39432\/revisions\/39436"}],"wp:featuredmedia":[{"embeddable":true,"href":"https:\/\/sindenfermeiro.com.br\/index.php\/wp-json\/wp\/v2\/media\/39434"}],"wp:attachment":[{"href":"https:\/\/sindenfermeiro.com.br\/index.php\/wp-json\/wp\/v2\/media?parent=39432"}],"wp:term":[{"taxonomy":"category","embeddable":true,"href":"https:\/\/sindenfermeiro.com.br\/index.php\/wp-json\/wp\/v2\/categories?post=39432"},{"taxonomy":"post_tag","embeddable":true,"href":"https:\/\/sindenfermeiro.com.br\/index.php\/wp-json\/wp\/v2\/tags?post=39432"}],"curies":[{"name":"wp","href":"https:\/\/api.w.org\/{rel}","templated":true}]}}