{"id":39430,"date":"2020-04-16T16:32:57","date_gmt":"2020-04-16T19:32:57","guid":{"rendered":"https:\/\/sindenfermeiro.com.br\/?p=39430"},"modified":"2026-04-26T20:46:53","modified_gmt":"2026-04-26T23:46:53","slug":"sindenfermeiro-vai-ao-igesdf-discutir-plano-de-salarios-e-insalubridade-para-enfermeiros","status":"publish","type":"post","link":"https:\/\/sindenfermeiro.com.br\/index.php\/2020\/04\/16\/sindenfermeiro-vai-ao-igesdf-discutir-plano-de-salarios-e-insalubridade-para-enfermeiros\/","title":{"rendered":"SindEnfermeiro vai ao IGESDF discutir plano de sal\u00e1rios e insalubridade para enfermeiros"},"content":{"rendered":"<p><img loading=\"lazy\" decoding=\"async\" class=\"aligncenter wp-image-39280 \" src=\"https:\/\/sindenfermeiro.com.br\/wp-content\/uploads\/2020\/04\/UPA.jpg\" alt=\"\" width=\"739\" height=\"479\" srcset=\"https:\/\/sindenfermeiro.com.br\/wp-content\/uploads\/2020\/04\/UPA.jpg 899w, https:\/\/sindenfermeiro.com.br\/wp-content\/uploads\/2020\/04\/UPA-300x195.jpg 300w, https:\/\/sindenfermeiro.com.br\/wp-content\/uploads\/2020\/04\/UPA-768x498.jpg 768w\" sizes=\"auto, (max-width: 739px) 100vw, 739px\" \/><\/p>\n<p>Na tarde de ontem (15), o Sindicato dos Enfermeiros do Distrito Federal (SindEnfermeiro-DF) esteve no Instituto de Gest\u00e3o Estrat\u00e9gica da Sa\u00fade (IGESDF) para tratar de assuntos como o plano de cargos e sal\u00e1rios, al\u00e9m do pagamento do adicional de insalubridade aos enfermeiros que est\u00e3o atuando na linha de frente contra o coronav\u00edrus. Na ocasi\u00e3o, a presidente do sindicato, Dayse Amar\u00edlio, se reuniu com o diretor-presidente do IGESDF, Sergio Costa, e a superintendente de gest\u00e3o de pessoal, Valda C\u00e9sar.<\/p>\n<p>O instituto sinalizou que um plano de cargos e sal\u00e1rios est\u00e1 sendo adotado de forma transversal no momento, de modo a buscar competitividade de mercado, e que vem adotando como um dos principais eixos a avalia\u00e7\u00e3o de desempenho por produtividade. A gest\u00e3o do instituto afirmou que o sindicato ter\u00e1 espa\u00e7o na mesa de negocia\u00e7\u00f5es, ap\u00f3s a presidente da entidade solicitar participa\u00e7\u00e3o da categoria na constru\u00e7\u00e3o dos crit\u00e9rios a serem adotados.<\/p>\n<p>Outro ponto discutido na reuni\u00e3o foi o aumento da gratifica\u00e7\u00e3o de insalubridade para os enfermeiros que est\u00e3o atuando no combate \u00e0 pandemia da Covid-19. Segundo os gestores, o instituto est\u00e1 aguardando a san\u00e7\u00e3o do governador Ibaneis Rocha (MDB-DF) ao Projeto de Lei 1047\/2020 &#8211; que prev\u00ea, entre outras medidas de enfrentamento, a garantia do grau m\u00e1ximo de insalubridade aos profissionais de sa\u00fade na linha de frente.<\/p>\n<p>O IGESDF afirma que, por ser um prestador de servi\u00e7o complementar \u00e0 Secretaria de Sa\u00fade (SES-DF), ir\u00e1 aguardar a san\u00e7\u00e3o, para que seja realizado um planejamento que n\u00e3o destoe do que for proposto pela SES &#8211; e o pagamento das gratifica\u00e7\u00f5es seja feito de forma ison\u00f4mica a todos os profissionais, celetistas ou estatu\u00e1rios &#8211; assim como na reivindica\u00e7\u00e3o que vem sido defendida pelo sindicato.<\/p>\n<p><strong>Demiss\u00f5es em Samambaia<\/strong><\/p>\n<p>Durante a reuni\u00e3o, o sindicato questionou o instituto sobre relatos de demiss\u00f5es em algumas Unidades de Pronto Atendimento (UPAs), especialmente em Samambaia, e entregou \u00e0 gest\u00e3o do IGESDF um documento escrito por uma das servidoras &#8211; apontando para a irregularidade nos desligamentos. Segundo as informa\u00e7\u00f5es recebidas, os profissionais foram removidos mesmo sem qualquer ind\u00edcio de conduta desabonadora ou pass\u00edvel de puni\u00e7\u00e3o.<\/p>\n<p>A superintendente de pessoal, Valda Costa, se comprometeu a investigar os desligamentos. Segundo a gestora, todos os processos de admiss\u00e3o e demiss\u00e3o s\u00e3o pautados pela objetividade, com crit\u00e9rios e diretrizes definidas &#8211; inclusive com a realiza\u00e7\u00e3o de entrevistas com os servidores no ato demissional.<\/p>\n","protected":false},"excerpt":{"rendered":"<p>Na tarde de ontem (15), o Sindicato dos Enfermeiros do Distrito Federal (SindEnfermeiro-DF) esteve no Instituto de Gest\u00e3o Estrat\u00e9gica da Sa\u00fade (IGESDF) para tratar de assuntos como o plano de cargos e sal\u00e1rios, al\u00e9m do pagamento do adicional de insalubridade aos enfermeiros que est\u00e3o atuando na linha de frente contra o coronav\u00edrus. Na ocasi\u00e3o, a [&hellip;]<\/p>\n","protected":false},"author":6,"featured_media":39280,"comment_status":"open","ping_status":"open","sticky":false,"template":"","format":"standard","meta":{"footnotes":""},"categories":[6,13,5],"tags":[92,424,310,313,4,21,56],"class_list":["post-39430","post","type-post","status-publish","format-standard","has-post-thumbnail","hentry","category-noticias","category-rede-privada","category-rede-publica","tag-bate-papo-sindenfermeiro","tag-coronavirus","tag-iges","tag-igesdf","tag-insalubridade","tag-sindenfermeiro","tag-sindicato"],"_links":{"self":[{"href":"https:\/\/sindenfermeiro.com.br\/index.php\/wp-json\/wp\/v2\/posts\/39430","targetHints":{"allow":["GET"]}}],"collection":[{"href":"https:\/\/sindenfermeiro.com.br\/index.php\/wp-json\/wp\/v2\/posts"}],"about":[{"href":"https:\/\/sindenfermeiro.com.br\/index.php\/wp-json\/wp\/v2\/types\/post"}],"author":[{"embeddable":true,"href":"https:\/\/sindenfermeiro.com.br\/index.php\/wp-json\/wp\/v2\/users\/6"}],"replies":[{"embeddable":true,"href":"https:\/\/sindenfermeiro.com.br\/index.php\/wp-json\/wp\/v2\/comments?post=39430"}],"version-history":[{"count":1,"href":"https:\/\/sindenfermeiro.com.br\/index.php\/wp-json\/wp\/v2\/posts\/39430\/revisions"}],"predecessor-version":[{"id":39431,"href":"https:\/\/sindenfermeiro.com.br\/index.php\/wp-json\/wp\/v2\/posts\/39430\/revisions\/39431"}],"wp:featuredmedia":[{"embeddable":true,"href":"https:\/\/sindenfermeiro.com.br\/index.php\/wp-json\/wp\/v2\/media\/39280"}],"wp:attachment":[{"href":"https:\/\/sindenfermeiro.com.br\/index.php\/wp-json\/wp\/v2\/media?parent=39430"}],"wp:term":[{"taxonomy":"category","embeddable":true,"href":"https:\/\/sindenfermeiro.com.br\/index.php\/wp-json\/wp\/v2\/categories?post=39430"},{"taxonomy":"post_tag","embeddable":true,"href":"https:\/\/sindenfermeiro.com.br\/index.php\/wp-json\/wp\/v2\/tags?post=39430"}],"curies":[{"name":"wp","href":"https:\/\/api.w.org\/{rel}","templated":true}]}}