{"id":39407,"date":"2020-04-15T14:28:16","date_gmt":"2020-04-15T17:28:16","guid":{"rendered":"https:\/\/sindenfermeiro.com.br\/?p=39407"},"modified":"2026-04-27T03:35:38","modified_gmt":"2026-04-27T06:35:38","slug":"cesc-aprova-pl-que-cria-cargo-de-enfermagem-forense","status":"publish","type":"post","link":"https:\/\/sindenfermeiro.com.br\/index.php\/2020\/04\/15\/cesc-aprova-pl-que-cria-cargo-de-enfermagem-forense\/","title":{"rendered":"CESC aprova PL que cria cargo de Enfermagem Forense"},"content":{"rendered":"<p><img loading=\"lazy\" decoding=\"async\" class=\"aligncenter wp-image-39368 \" src=\"https:\/\/sindenfermeiro.com.br\/wp-content\/uploads\/2020\/04\/CL-DF-2-1024x573.jpg\" alt=\"\" width=\"647\" height=\"362\" srcset=\"https:\/\/sindenfermeiro.com.br\/wp-content\/uploads\/2020\/04\/CL-DF-2-1024x573.jpg 1024w, https:\/\/sindenfermeiro.com.br\/wp-content\/uploads\/2020\/04\/CL-DF-2-300x168.jpg 300w, https:\/\/sindenfermeiro.com.br\/wp-content\/uploads\/2020\/04\/CL-DF-2-768x430.jpg 768w, https:\/\/sindenfermeiro.com.br\/wp-content\/uploads\/2020\/04\/CL-DF-2.jpg 1400w\" sizes=\"auto, (max-width: 647px) 100vw, 647px\" \/><\/p>\n<p>A Comiss\u00e3o de Educa\u00e7\u00e3o, Sa\u00fade e Cultura (CESC) da C\u00e2mara Legislativa do Distrito Federal (CLDF) aprovou, em sess\u00e3o extraordin\u00e1ria remota realizada na \u00faltima segunda-feira (13), o Projeto de Lei (PL) n\u00ba 368\/2019 &#8211; que disp\u00f5e sobre a cria\u00e7\u00e3o de cargos na administra\u00e7\u00e3o p\u00fablica para a \u00e1rea de Enfermagem Forense.<\/p>\n<p>O PL, de autoria do deputado distrital Jorge Vianna (PODEMOS-DF), foi aprovado por unanimidade entre os membros da comiss\u00e3o, e atende a uma demanda crescente pela especializa\u00e7\u00e3o &#8211; que vem sendo cada vez mais requisitada na \u00e1rea de sa\u00fade p\u00fablica e pode exercer papel fundamental na assist\u00eancia \u00e0 diferentes tipos de viol\u00eancia.<\/p>\n<p>A pauta foi proposta pela Liga Nacional de Enfermagem Forense, entidade criada por enfermeiros, t\u00e9cnicos e auxiliares em enfermagem para auxiliar no complemento e no incentivo \u00e0 forma\u00e7\u00e3o acad\u00eamica e cient\u00edfica na \u00e1rea em todo o Brasil. Para o enfermeiro Adriano Ara\u00fajo, membro da liga, a aprova\u00e7\u00e3o do parecer representa &#8220;um avan\u00e7o para a enfermagem como um todo&#8221;.<\/p>\n<p><strong>Papel do enfermeiro forense<\/strong><\/p>\n<p>A especializa\u00e7\u00e3o em Enfermagem Forense foi reconhecida pelo Conselho Federal de Enfermagem (COFEN) em 2011, atrav\u00e9s da resolu\u00e7\u00e3o 389\/11, e a atua\u00e7\u00e3o do enfermeiro da \u00e1rea foi regulamentada em 2017 (resolu\u00e7\u00e3o 556\/17). Seu trabalho \u00e9 auxiliar a Justi\u00e7a e prestar assist\u00eancia em casos de viol\u00eancia, aliando os conceitos da enfermagem com o trabalho de per\u00edcia.<\/p>\n<p>Al\u00e9m da forma\u00e7\u00e3o exigida para exercer a enfermagem, o profissional deve ter conhecimento em quest\u00f5es relacionadas \u00e0 legisla\u00e7\u00e3o e Direito, al\u00e9m de ter aptid\u00e3o para realizar o recolhimento de provas e prestar depoimentos \u00e0 Justi\u00e7a. Sua atua\u00e7\u00e3o n\u00e3o se restringe apenas ao aux\u00edlio em casos de viol\u00eancia, tamb\u00e9m possuindo papel fundamental na investiga\u00e7\u00e3o de mortes, inclusive em desastres de massa.<\/p>\n","protected":false},"excerpt":{"rendered":"<p>A Comiss\u00e3o de Educa\u00e7\u00e3o, Sa\u00fade e Cultura (CESC) da C\u00e2mara Legislativa do Distrito Federal (CLDF) aprovou, em sess\u00e3o extraordin\u00e1ria remota realizada na \u00faltima segunda-feira (13), o Projeto de Lei (PL) n\u00ba 368\/2019 &#8211; que disp\u00f5e sobre a cria\u00e7\u00e3o de cargos na administra\u00e7\u00e3o p\u00fablica para a \u00e1rea de Enfermagem Forense. O PL, de autoria do deputado [&hellip;]<\/p>\n","protected":false},"author":6,"featured_media":39368,"comment_status":"open","ping_status":"open","sticky":false,"template":"","format":"standard","meta":{"footnotes":""},"categories":[6,5],"tags":[496,34,284,235,275,495,236],"class_list":["post-39407","post","type-post","status-publish","format-standard","has-post-thumbnail","hentry","category-noticias","category-rede-publica","tag-cesc","tag-cldf","tag-cofen","tag-enfermagem-forense","tag-enfermeiro","tag-regulamentacao","tag-ses"],"_links":{"self":[{"href":"https:\/\/sindenfermeiro.com.br\/index.php\/wp-json\/wp\/v2\/posts\/39407","targetHints":{"allow":["GET"]}}],"collection":[{"href":"https:\/\/sindenfermeiro.com.br\/index.php\/wp-json\/wp\/v2\/posts"}],"about":[{"href":"https:\/\/sindenfermeiro.com.br\/index.php\/wp-json\/wp\/v2\/types\/post"}],"author":[{"embeddable":true,"href":"https:\/\/sindenfermeiro.com.br\/index.php\/wp-json\/wp\/v2\/users\/6"}],"replies":[{"embeddable":true,"href":"https:\/\/sindenfermeiro.com.br\/index.php\/wp-json\/wp\/v2\/comments?post=39407"}],"version-history":[{"count":1,"href":"https:\/\/sindenfermeiro.com.br\/index.php\/wp-json\/wp\/v2\/posts\/39407\/revisions"}],"predecessor-version":[{"id":39408,"href":"https:\/\/sindenfermeiro.com.br\/index.php\/wp-json\/wp\/v2\/posts\/39407\/revisions\/39408"}],"wp:featuredmedia":[{"embeddable":true,"href":"https:\/\/sindenfermeiro.com.br\/index.php\/wp-json\/wp\/v2\/media\/39368"}],"wp:attachment":[{"href":"https:\/\/sindenfermeiro.com.br\/index.php\/wp-json\/wp\/v2\/media?parent=39407"}],"wp:term":[{"taxonomy":"category","embeddable":true,"href":"https:\/\/sindenfermeiro.com.br\/index.php\/wp-json\/wp\/v2\/categories?post=39407"},{"taxonomy":"post_tag","embeddable":true,"href":"https:\/\/sindenfermeiro.com.br\/index.php\/wp-json\/wp\/v2\/tags?post=39407"}],"curies":[{"name":"wp","href":"https:\/\/api.w.org\/{rel}","templated":true}]}}