{"id":39403,"date":"2020-04-14T17:03:39","date_gmt":"2020-04-14T20:03:39","guid":{"rendered":"https:\/\/sindenfermeiro.com.br\/?p=39403"},"modified":"2026-04-27T02:56:29","modified_gmt":"2026-04-27T05:56:29","slug":"sindenfermeiro-se-reune-com-chefe-da-casa-civil-e-com-secretario-de-relacoes-institucionais-para-falar-da-valorizacao-dos-enfermeiros","status":"publish","type":"post","link":"https:\/\/sindenfermeiro.com.br\/index.php\/2020\/04\/14\/sindenfermeiro-se-reune-com-chefe-da-casa-civil-e-com-secretario-de-relacoes-institucionais-para-falar-da-valorizacao-dos-enfermeiros\/","title":{"rendered":"SindEnfermeiro se re\u00fane com chefe da Casa Civil e com secret\u00e1rio de rela\u00e7\u00f5es institucionais para falar da valoriza\u00e7\u00e3o dos enfermeiros"},"content":{"rendered":"<p style=\"text-align: justify\">Nesta ter\u00e7a-feira (14), a presidente do SindEnfermeiro, Dayse Amar\u00edlio e o diretor-executivo M\u00e1rcio da Mata se reuniram com o chefe da Casa Civil, Valdet\u00e1rio Monteiro e com o secret\u00e1rio de rela\u00e7\u00f5es institucionais, Vitor Paulo. O protagonismo e a valoriza\u00e7\u00e3o dos enfermeiros foram os temas centrais do encontro.<\/p>\n<p style=\"text-align: justify\">Solicitada pelo secret\u00e1rio de rela\u00e7\u00f5es institucionais, a reuni\u00e3o aconteceu no Pal\u00e1cio do Buriti e os representantes do SindEnfermeiro puderam\u00a0 o papel fundamental dos enfermeiros n\u00e3o s\u00f3 nesse per\u00edodo de pandemia, mas em todas as inst\u00e2ncias da sa\u00fade do Distrito Federal.<\/p>\n","protected":false},"excerpt":{"rendered":"<p>Nesta ter\u00e7a-feira (14), a presidente do SindEnfermeiro, Dayse Amar\u00edlio e o diretor-executivo M\u00e1rcio da Mata se reuniram com o chefe da Casa Civil, Valdet\u00e1rio Monteiro e com o secret\u00e1rio de rela\u00e7\u00f5es institucionais, Vitor Paulo. O protagonismo e a valoriza\u00e7\u00e3o dos enfermeiros foram os temas centrais do encontro. Solicitada pelo secret\u00e1rio de rela\u00e7\u00f5es institucionais, a reuni\u00e3o [&hellip;]<\/p>\n","protected":false},"author":6,"featured_media":39404,"comment_status":"open","ping_status":"open","sticky":false,"template":"","format":"standard","meta":{"footnotes":""},"categories":[6,5],"tags":[494,7,492,493,486],"class_list":["post-39403","post","type-post","status-publish","format-standard","has-post-thumbnail","hentry","category-noticias","category-rede-publica","tag-dayse-amailio","tag-enfermagem","tag-palacio-do-buriti","tag-sindenfereiro","tag-valorizacao"],"_links":{"self":[{"href":"https:\/\/sindenfermeiro.com.br\/index.php\/wp-json\/wp\/v2\/posts\/39403","targetHints":{"allow":["GET"]}}],"collection":[{"href":"https:\/\/sindenfermeiro.com.br\/index.php\/wp-json\/wp\/v2\/posts"}],"about":[{"href":"https:\/\/sindenfermeiro.com.br\/index.php\/wp-json\/wp\/v2\/types\/post"}],"author":[{"embeddable":true,"href":"https:\/\/sindenfermeiro.com.br\/index.php\/wp-json\/wp\/v2\/users\/6"}],"replies":[{"embeddable":true,"href":"https:\/\/sindenfermeiro.com.br\/index.php\/wp-json\/wp\/v2\/comments?post=39403"}],"version-history":[{"count":2,"href":"https:\/\/sindenfermeiro.com.br\/index.php\/wp-json\/wp\/v2\/posts\/39403\/revisions"}],"predecessor-version":[{"id":39406,"href":"https:\/\/sindenfermeiro.com.br\/index.php\/wp-json\/wp\/v2\/posts\/39403\/revisions\/39406"}],"wp:featuredmedia":[{"embeddable":true,"href":"https:\/\/sindenfermeiro.com.br\/index.php\/wp-json\/wp\/v2\/media\/39404"}],"wp:attachment":[{"href":"https:\/\/sindenfermeiro.com.br\/index.php\/wp-json\/wp\/v2\/media?parent=39403"}],"wp:term":[{"taxonomy":"category","embeddable":true,"href":"https:\/\/sindenfermeiro.com.br\/index.php\/wp-json\/wp\/v2\/categories?post=39403"},{"taxonomy":"post_tag","embeddable":true,"href":"https:\/\/sindenfermeiro.com.br\/index.php\/wp-json\/wp\/v2\/tags?post=39403"}],"curies":[{"name":"wp","href":"https:\/\/api.w.org\/{rel}","templated":true}]}}