{"id":39398,"date":"2020-04-14T16:12:10","date_gmt":"2020-04-14T19:12:10","guid":{"rendered":"https:\/\/sindenfermeiro.com.br\/?p=39398"},"modified":"2026-04-27T02:51:39","modified_gmt":"2026-04-27T05:51:39","slug":"comissao-da-cldf-aprova-auxilio-uniforme-a-servidores-da-saude","status":"publish","type":"post","link":"https:\/\/sindenfermeiro.com.br\/index.php\/2020\/04\/14\/comissao-da-cldf-aprova-auxilio-uniforme-a-servidores-da-saude\/","title":{"rendered":"Comiss\u00e3o da CLDF aprova aux\u00edlio uniforme a servidores da Sa\u00fade"},"content":{"rendered":"<p style=\"text-align: justify\">A Comiss\u00e3o de Educa\u00e7\u00e3o, Sa\u00fade e Cultura (CESC) da C\u00e2mara Legislativa do Distrito Federal (CLDF) aprovou na \u00faltima segunda (13), o projeto de lei 616\/2019, que concede aos servidores da Secretaria de Sa\u00fade do DF (SES-DF) e do Servi\u00e7o de Atendimento M\u00f3vel de Urg\u00eancia (SAMU) um aux\u00edlio financeiro para aquisi\u00e7\u00e3o de fardamento.<\/p>\n<p style=\"text-align: justify\">Criado pelo distrital Jorge Vianna, o texto n\u00e3o determina um valor fixo para o auxilio, mas sugere que o ressarcimento deve abranger os gastos na aquisi\u00e7\u00e3o de jalecos e outros itens de uso pessoal e obrigat\u00f3rio. O PL determina que as despesas sejam pagas com recursos do Fundo Constitucional do DF.<\/p>\n<p style=\"text-align: justify\">Em sua justificativa, Jorge Vianna destacou que \u201cembora os profissionais embora recebam remunera\u00e7\u00e3o, n\u00e3o recebem nenhum aux\u00edlio ou subven\u00e7\u00e3o para o uniforme\u201d. Agora, o projeto segue passar pelas Comiss\u00f5es de Economia, Or\u00e7amento e Finan\u00e7a e de Constitui\u00e7\u00e3o e Justi\u00e7a, antes de ser apreciado pelo plen\u00e1rio da C\u00e2mara Distrital.<\/p>\n","protected":false},"excerpt":{"rendered":"<p>A Comiss\u00e3o de Educa\u00e7\u00e3o, Sa\u00fade e Cultura (CESC) da C\u00e2mara Legislativa do Distrito Federal (CLDF) aprovou na \u00faltima segunda (13), o projeto de lei 616\/2019, que concede aos servidores da Secretaria de Sa\u00fade do DF (SES-DF) e do Servi\u00e7o de Atendimento M\u00f3vel de Urg\u00eancia (SAMU) um aux\u00edlio financeiro para aquisi\u00e7\u00e3o de fardamento. Criado pelo distrital [&hellip;]<\/p>\n","protected":false},"author":6,"featured_media":39399,"comment_status":"open","ping_status":"open","sticky":false,"template":"","format":"standard","meta":{"footnotes":""},"categories":[6,5],"tags":[34,7,134],"class_list":["post-39398","post","type-post","status-publish","format-standard","has-post-thumbnail","hentry","category-noticias","category-rede-publica","tag-cldf","tag-enfermagem","tag-jorge-vianna"],"_links":{"self":[{"href":"https:\/\/sindenfermeiro.com.br\/index.php\/wp-json\/wp\/v2\/posts\/39398","targetHints":{"allow":["GET"]}}],"collection":[{"href":"https:\/\/sindenfermeiro.com.br\/index.php\/wp-json\/wp\/v2\/posts"}],"about":[{"href":"https:\/\/sindenfermeiro.com.br\/index.php\/wp-json\/wp\/v2\/types\/post"}],"author":[{"embeddable":true,"href":"https:\/\/sindenfermeiro.com.br\/index.php\/wp-json\/wp\/v2\/users\/6"}],"replies":[{"embeddable":true,"href":"https:\/\/sindenfermeiro.com.br\/index.php\/wp-json\/wp\/v2\/comments?post=39398"}],"version-history":[{"count":2,"href":"https:\/\/sindenfermeiro.com.br\/index.php\/wp-json\/wp\/v2\/posts\/39398\/revisions"}],"predecessor-version":[{"id":39401,"href":"https:\/\/sindenfermeiro.com.br\/index.php\/wp-json\/wp\/v2\/posts\/39398\/revisions\/39401"}],"wp:featuredmedia":[{"embeddable":true,"href":"https:\/\/sindenfermeiro.com.br\/index.php\/wp-json\/wp\/v2\/media\/39399"}],"wp:attachment":[{"href":"https:\/\/sindenfermeiro.com.br\/index.php\/wp-json\/wp\/v2\/media?parent=39398"}],"wp:term":[{"taxonomy":"category","embeddable":true,"href":"https:\/\/sindenfermeiro.com.br\/index.php\/wp-json\/wp\/v2\/categories?post=39398"},{"taxonomy":"post_tag","embeddable":true,"href":"https:\/\/sindenfermeiro.com.br\/index.php\/wp-json\/wp\/v2\/tags?post=39398"}],"curies":[{"name":"wp","href":"https:\/\/api.w.org\/{rel}","templated":true}]}}