{"id":39380,"date":"2020-04-14T12:01:22","date_gmt":"2020-04-14T15:01:22","guid":{"rendered":"https:\/\/sindenfermeiro.com.br\/?p=39380"},"modified":"2026-04-26T20:46:57","modified_gmt":"2026-04-26T23:46:57","slug":"enfermeira-produz-musica-sobre-trabalho-da-enfermagem-no-combate-ao-coronavirus","status":"publish","type":"post","link":"https:\/\/sindenfermeiro.com.br\/index.php\/2020\/04\/14\/enfermeira-produz-musica-sobre-trabalho-da-enfermagem-no-combate-ao-coronavirus\/","title":{"rendered":"Enfermeira produz m\u00fasica sobre trabalho da enfermagem no combate ao coronav\u00edrus"},"content":{"rendered":"<div id=\"attachment_39384\" style=\"width: 545px\" class=\"wp-caption aligncenter\"><img loading=\"lazy\" decoding=\"async\" aria-describedby=\"caption-attachment-39384\" class=\"wp-image-39384 \" src=\"https:\/\/sindenfermeiro.com.br\/wp-content\/uploads\/2020\/04\/WhatsApp-Image-2020-04-14-at-11.24.46-1.jpeg\" alt=\"\" width=\"535\" height=\"534\" srcset=\"https:\/\/sindenfermeiro.com.br\/wp-content\/uploads\/2020\/04\/WhatsApp-Image-2020-04-14-at-11.24.46-1.jpeg 852w, https:\/\/sindenfermeiro.com.br\/wp-content\/uploads\/2020\/04\/WhatsApp-Image-2020-04-14-at-11.24.46-1-300x300.jpeg 300w, https:\/\/sindenfermeiro.com.br\/wp-content\/uploads\/2020\/04\/WhatsApp-Image-2020-04-14-at-11.24.46-1-150x150.jpeg 150w, https:\/\/sindenfermeiro.com.br\/wp-content\/uploads\/2020\/04\/WhatsApp-Image-2020-04-14-at-11.24.46-1-768x766.jpeg 768w\" sizes=\"auto, (max-width: 535px) 100vw, 535px\" \/><p id=\"caption-attachment-39384\" class=\"wp-caption-text\">Foto: Arquivo pessoal<\/p><\/div>\n<p>A atua\u00e7\u00e3o dos profissionais de enfermagem no combate ao coronav\u00edrus tem sido de fundamental import\u00e2ncia para salvar vidas, mesmo que para isso esses profissionais arrisquem diariamente suas vidas e abram m\u00e3o de estar pr\u00f3ximos de suas fam\u00edlias.<\/p>\n<p>Pensando nisso, a enfermeira Alessandra Lu\u00edza de Oliveira, que atualmente faz resid\u00eancia multiprofissional em Sa\u00fade Mental, \u00c1lcool e Outras Drogas na Funda\u00e7\u00e3o Oswaldo Cruz (FIOCRUZ), comp\u00f4s uma can\u00e7\u00e3o que trata justamente sobre as dificuldades que o enfermeiro enfrenta para poder realizar seu trabalho.<\/p>\n<p>A pe\u00e7a, que dura cerca de 3 minutos, possui uma abordagem fortemente ligada \u00e0 sa\u00fade mental dos profissionais de enfermagem que est\u00e3o atuando na linha de frente contra a Covid-19, atrav\u00e9s de uma letra simples e que leva \u00e0 uma reflex\u00e3o sobre a necessidade de valoriza\u00e7\u00e3o dos enfermeiros.<\/p>\n<p>Alessandra explica que o v\u00eddeo surgiu como uma atividade para a resid\u00eancia, com o objetivo de mostrar o que est\u00e1 por tr\u00e1s do trabalho do enfermeiro, al\u00e9m de trazer a reflex\u00e3o sobre uma maior urg\u00eancia nas a\u00e7\u00f5es de valoriza\u00e7\u00e3o do profissional de enfermagem.<\/p>\n<p>&#8220;O objetivo da m\u00fasica \u00e9 fazer cada profissional de sa\u00fade se sentir contemplado em sua humanidade e exist\u00eancia, e continue a dar o seu melhor sem esquecer de si mesmo. E levar para fora a reflex\u00e3o de que al\u00e9m da admira\u00e7\u00e3o que existe por n\u00f3s da qual somos gratos, merecemos um reconhecimento muito maior do que nos \u00e9 dado, em todos os sentidos&#8221;, afirmou.<\/p>\n<p>A enfermeira destaca, ainda, a import\u00e2ncia de um olhar diferenciado \u00e0 sa\u00fade mental dos profissionais, que geralmente s\u00e3o vistos como super-her\u00f3is ou tem seu trabalho vinculado a uma &#8220;arte do cuidar&#8221;, mas que tamb\u00e9m s\u00e3o pessoas comuns, com suas fragilidades e temores.<\/p>\n<p>&#8220;Atr\u00e1s do jaleco, do capote e dos EPIs, existe algu\u00e9m que tem emo\u00e7\u00f5es, sente medo, ansiedade, que chora, que algumas vezes se cobra al\u00e9m do que pode ofertar. E que, mesmo assim, diante de todas suas afli\u00e7\u00f5es, encontra em si a for\u00e7a e a coragem, baseados na ci\u00eancia e na humaniza\u00e7\u00e3o para assistir ao outro, independente de quem seja&#8221;, finalizou.<\/p>\n<p><strong>Assista o v\u00eddeo:<\/strong><\/p>\n<div style=\"width: 640px;\" class=\"wp-video\"><video class=\"wp-video-shortcode\" id=\"video-39380-1\" width=\"640\" height=\"352\" preload=\"metadata\" controls=\"controls\"><source type=\"video\/mp4\" src=\"https:\/\/sindenfermeiro.com.br\/wp-content\/uploads\/2020\/04\/WhatsApp-Video-2020-04-14-at-11.54.42.mp4?_=1\" \/><a href=\"https:\/\/sindenfermeiro.com.br\/wp-content\/uploads\/2020\/04\/WhatsApp-Video-2020-04-14-at-11.54.42.mp4\">https:\/\/sindenfermeiro.com.br\/wp-content\/uploads\/2020\/04\/WhatsApp-Video-2020-04-14-at-11.54.42.mp4<\/a><\/video><\/div>\n","protected":false},"excerpt":{"rendered":"<p>A atua\u00e7\u00e3o dos profissionais de enfermagem no combate ao coronav\u00edrus tem sido de fundamental import\u00e2ncia para salvar vidas, mesmo que para isso esses profissionais arrisquem diariamente suas vidas e abram m\u00e3o de estar pr\u00f3ximos de suas fam\u00edlias. Pensando nisso, a enfermeira Alessandra Lu\u00edza de Oliveira, que atualmente faz resid\u00eancia multiprofissional em Sa\u00fade Mental, \u00c1lcool e [&hellip;]<\/p>\n","protected":false},"author":6,"featured_media":39384,"comment_status":"open","ping_status":"open","sticky":false,"template":"","format":"standard","meta":{"footnotes":""},"categories":[6,13,5],"tags":[424,488,7,275,489,21,486],"class_list":["post-39380","post","type-post","status-publish","format-standard","has-post-thumbnail","hentry","category-noticias","category-rede-privada","category-rede-publica","tag-coronavirus","tag-cuidado","tag-enfermagem","tag-enfermeiro","tag-saude-mental","tag-sindenfermeiro","tag-valorizacao"],"_links":{"self":[{"href":"https:\/\/sindenfermeiro.com.br\/index.php\/wp-json\/wp\/v2\/posts\/39380","targetHints":{"allow":["GET"]}}],"collection":[{"href":"https:\/\/sindenfermeiro.com.br\/index.php\/wp-json\/wp\/v2\/posts"}],"about":[{"href":"https:\/\/sindenfermeiro.com.br\/index.php\/wp-json\/wp\/v2\/types\/post"}],"author":[{"embeddable":true,"href":"https:\/\/sindenfermeiro.com.br\/index.php\/wp-json\/wp\/v2\/users\/6"}],"replies":[{"embeddable":true,"href":"https:\/\/sindenfermeiro.com.br\/index.php\/wp-json\/wp\/v2\/comments?post=39380"}],"version-history":[{"count":3,"href":"https:\/\/sindenfermeiro.com.br\/index.php\/wp-json\/wp\/v2\/posts\/39380\/revisions"}],"predecessor-version":[{"id":39386,"href":"https:\/\/sindenfermeiro.com.br\/index.php\/wp-json\/wp\/v2\/posts\/39380\/revisions\/39386"}],"wp:featuredmedia":[{"embeddable":true,"href":"https:\/\/sindenfermeiro.com.br\/index.php\/wp-json\/wp\/v2\/media\/39384"}],"wp:attachment":[{"href":"https:\/\/sindenfermeiro.com.br\/index.php\/wp-json\/wp\/v2\/media?parent=39380"}],"wp:term":[{"taxonomy":"category","embeddable":true,"href":"https:\/\/sindenfermeiro.com.br\/index.php\/wp-json\/wp\/v2\/categories?post=39380"},{"taxonomy":"post_tag","embeddable":true,"href":"https:\/\/sindenfermeiro.com.br\/index.php\/wp-json\/wp\/v2\/tags?post=39380"}],"curies":[{"name":"wp","href":"https:\/\/api.w.org\/{rel}","templated":true}]}}