{"id":39372,"date":"2020-04-13T15:34:13","date_gmt":"2020-04-13T18:34:13","guid":{"rendered":"https:\/\/sindenfermeiro.com.br\/?p=39372"},"modified":"2026-04-26T20:47:18","modified_gmt":"2026-04-26T23:47:18","slug":"saiu-na-midia-presidente-do-sindenfermeiro-fala-sobre-desvalorizacao-do-profissional-de-enfermagem","status":"publish","type":"post","link":"https:\/\/sindenfermeiro.com.br\/index.php\/2020\/04\/13\/saiu-na-midia-presidente-do-sindenfermeiro-fala-sobre-desvalorizacao-do-profissional-de-enfermagem\/","title":{"rendered":"Saiu na m\u00eddia: Presidente do SindEnfermeiro fala sobre desvaloriza\u00e7\u00e3o do profissional de enfermagem"},"content":{"rendered":"<p><img loading=\"lazy\" decoding=\"async\" class=\"wp-image-38119  aligncenter\" src=\"https:\/\/sindenfermeiro.com.br\/wp-content\/uploads\/2019\/11\/ubs-9-ceilandia-840x546.jpg\" alt=\"\" width=\"683\" height=\"444\" srcset=\"https:\/\/sindenfermeiro.com.br\/wp-content\/uploads\/2019\/11\/ubs-9-ceilandia-840x546.jpg 840w, https:\/\/sindenfermeiro.com.br\/wp-content\/uploads\/2019\/11\/ubs-9-ceilandia-840x546-300x195.jpg 300w, https:\/\/sindenfermeiro.com.br\/wp-content\/uploads\/2019\/11\/ubs-9-ceilandia-840x546-768x499.jpg 768w\" sizes=\"auto, (max-width: 683px) 100vw, 683px\" \/><\/p>\n<p>Os profissionais de enfermagem receberam menos pelo per\u00edodo trabalhado em 2019. De acordo com pesquisa publicada no \u00faltimo s\u00e1bado (11), pelo portal de not\u00edcias Metr\u00f3poles, essa \u00e9 uma realidade rotineira para enfermeiros de hospitais p\u00fablicos e privados de todo o Distrito Federal. A pesquisa foi promovida pela plataforma Quero Bolsa e aponta a desvaloriza\u00e7\u00e3o no trabalho dos profissionais da enfermagem.<\/p>\n<p>O reflexo dessa subvaloriza\u00e7\u00e3o pode ser visto no fato dos enfermeiros serem os profissionais de n\u00edvel superior que possuem os menores sal\u00e1rios, mesmo sendo fundamentais para a presta\u00e7\u00e3o de uma assist\u00eancia de qualidade. Segundo a pesquisa, feita pela plataforma com dados do Cadastro Geral de Empregados e Desempregados (CAGED) sobre sal\u00e1rios, os enfermeiros que recebiam, em m\u00e9dia, R$ 4.644,73 em 2018, passaram a receber em 2019, em m\u00e9dia, R$ 3.846,31. No entanto, em algumas institui\u00e7\u00f5es, o sal\u00e1rio pode chegar a um valor muito menor.<\/p>\n<p>Segundo a presidente do SindEnfermeiro-DF, Dayse Amar\u00edlio &#8211; em entrevista ao portal, um dos fatores que influenciam a desvaloriza\u00e7\u00e3o da categoria &#8211; incluindo os sal\u00e1rios abaixo da realidade, \u00e9 a vis\u00e3o da popula\u00e7\u00e3o sobre seu trabalho, que em sua grande maioria desconhece o real papel do enfermeiro.<\/p>\n<p>&#8220;Os enfermeiros, al\u00e9m de possu\u00edrem uma grande capacidade de gest\u00e3o, carregam os princ\u00edpios da ci\u00eancia em seus cuidados e fazem parte de grandes programas de atua\u00e7\u00e3o na sa\u00fade p\u00fablica, fazendo a diferen\u00e7a no Brasil e no mundo&#8221;, afirmou.<\/p>\n<p>Ela aponta, ainda, a baixa representatividade pol\u00edtica e a reserva de mercado como um dos pontos mais cr\u00edticos da luta por reconhecimento e valoriza\u00e7\u00e3o profissional &#8211; ressaltando ao final de sua fala a atua\u00e7\u00e3o fundamental da enfermagem na luta contra a Covid-19.<\/p>\n<p>&#8220;N\u00f3s n\u00e3o estamos presentes nos espa\u00e7os de decis\u00e3o pol\u00edtica. Esses espa\u00e7os est\u00e3o ocupados pelos grandes lobistas que representam os patr\u00f5es, al\u00e9m da bancada m\u00e9dica, que possuem interesses na reserva de mercado, com a centraliza\u00e7\u00e3o no modelo hospitalar e na figura do m\u00e9dico. A enfermagem precisa ser vista como uma profiss\u00e3o que faz a diferen\u00e7a, e estamos muito orgulhosos dos nossos enfermeiros que est\u00e3o na linha de frente nesse momento t\u00e3o dram\u00e1tico&#8221;, finalizou.<\/p>\n<p>Confira o v\u00eddeo da presidente:<\/p>\n<div style=\"width: 640px;\" class=\"wp-video\"><video class=\"wp-video-shortcode\" id=\"video-39372-1\" width=\"640\" height=\"352\" preload=\"metadata\" controls=\"controls\"><source type=\"video\/mp4\" src=\"https:\/\/sindenfermeiro.com.br\/wp-content\/uploads\/2020\/04\/WhatsApp-Video-2020-04-13-at-11.11.09.mp4?_=1\" \/><a href=\"https:\/\/sindenfermeiro.com.br\/wp-content\/uploads\/2020\/04\/WhatsApp-Video-2020-04-13-at-11.11.09.mp4\">https:\/\/sindenfermeiro.com.br\/wp-content\/uploads\/2020\/04\/WhatsApp-Video-2020-04-13-at-11.11.09.mp4<\/a><\/video><\/div>\n","protected":false},"excerpt":{"rendered":"<p>Os profissionais de enfermagem receberam menos pelo per\u00edodo trabalhado em 2019. De acordo com pesquisa publicada no \u00faltimo s\u00e1bado (11), pelo portal de not\u00edcias Metr\u00f3poles, essa \u00e9 uma realidade rotineira para enfermeiros de hospitais p\u00fablicos e privados de todo o Distrito Federal. A pesquisa foi promovida pela plataforma Quero Bolsa e aponta a desvaloriza\u00e7\u00e3o no [&hellip;]<\/p>\n","protected":false},"author":6,"featured_media":38119,"comment_status":"open","ping_status":"open","sticky":false,"template":"","format":"standard","meta":{"footnotes":""},"categories":[6,13,5],"tags":[424,454,487,275,485,78,21,56,486],"class_list":["post-39372","post","type-post","status-publish","format-standard","has-post-thumbnail","hentry","category-noticias","category-rede-privada","category-rede-publica","tag-coronavirus","tag-covid-19","tag-defasagem-salarial","tag-enfermeiro","tag-metropoles","tag-na-midia","tag-sindenfermeiro","tag-sindicato","tag-valorizacao"],"_links":{"self":[{"href":"https:\/\/sindenfermeiro.com.br\/index.php\/wp-json\/wp\/v2\/posts\/39372","targetHints":{"allow":["GET"]}}],"collection":[{"href":"https:\/\/sindenfermeiro.com.br\/index.php\/wp-json\/wp\/v2\/posts"}],"about":[{"href":"https:\/\/sindenfermeiro.com.br\/index.php\/wp-json\/wp\/v2\/types\/post"}],"author":[{"embeddable":true,"href":"https:\/\/sindenfermeiro.com.br\/index.php\/wp-json\/wp\/v2\/users\/6"}],"replies":[{"embeddable":true,"href":"https:\/\/sindenfermeiro.com.br\/index.php\/wp-json\/wp\/v2\/comments?post=39372"}],"version-history":[{"count":4,"href":"https:\/\/sindenfermeiro.com.br\/index.php\/wp-json\/wp\/v2\/posts\/39372\/revisions"}],"predecessor-version":[{"id":39377,"href":"https:\/\/sindenfermeiro.com.br\/index.php\/wp-json\/wp\/v2\/posts\/39372\/revisions\/39377"}],"wp:featuredmedia":[{"embeddable":true,"href":"https:\/\/sindenfermeiro.com.br\/index.php\/wp-json\/wp\/v2\/media\/38119"}],"wp:attachment":[{"href":"https:\/\/sindenfermeiro.com.br\/index.php\/wp-json\/wp\/v2\/media?parent=39372"}],"wp:term":[{"taxonomy":"category","embeddable":true,"href":"https:\/\/sindenfermeiro.com.br\/index.php\/wp-json\/wp\/v2\/categories?post=39372"},{"taxonomy":"post_tag","embeddable":true,"href":"https:\/\/sindenfermeiro.com.br\/index.php\/wp-json\/wp\/v2\/tags?post=39372"}],"curies":[{"name":"wp","href":"https:\/\/api.w.org\/{rel}","templated":true}]}}