{"id":39369,"date":"2020-04-09T17:12:08","date_gmt":"2020-04-09T20:12:08","guid":{"rendered":"https:\/\/sindenfermeiro.com.br\/?p=39369"},"modified":"2026-04-26T20:32:17","modified_gmt":"2026-04-26T23:32:17","slug":"pl-garante-vagas-em-hoteis-para-trabalhadores-da-saude","status":"publish","type":"post","link":"https:\/\/sindenfermeiro.com.br\/index.php\/2020\/04\/09\/pl-garante-vagas-em-hoteis-para-trabalhadores-da-saude\/","title":{"rendered":"PL garante vagas em hot\u00e9is para trabalhadores da sa\u00fade"},"content":{"rendered":"<p>O deputado distrital, Jorge Vianna (Podemos), protocolou na \u00faltima ter\u00e7a-feira (07), um Projeto de Lei que trata da possibilidade de trabalhadores da sa\u00fade que estejam na linha de frente contra o novo coronav\u00edrus se hospedar gratuitamente em hot\u00e9is do Distrito Federal. De acordo com o PL do distrital, a inten\u00e7\u00e3o \u00e9 impedir que os profissionais n\u00e3o passem o v\u00edrus para seus familiares.<\/p>\n<p><strong>SindEnfermeiro e a Rede Plaza Bras\u00edlia Hot\u00e9is fecham parceria<\/strong><\/p>\n<p>Pensando no bem-estar de todos os enfermeiros e profissionais que est\u00e3o na linha de frente no combate \u00e0 Covid-19, o Sindicato dos Enfermeiros e a rede de hot\u00e9is Plaza Bras\u00edlia, que j\u00e1 estavam em negocia\u00e7\u00e3o desde o in\u00edcio da pandemia, firmaram uma parceria que aumenta o desconto e estende a todos os enfermeiros e trabalhadores da sa\u00fade. Enquanto durar a pandemia, os profissionais de sa\u00fade ter\u00e3o 50% de desconto na hospedagem do hotel. <strong>Para ter acesso ao desconto, basta inserir o c\u00f3digo SAUDE2020 no momento da reserva.<\/strong> Al\u00e9m do desconto, os h\u00f3spedes ter\u00e3o um andar exclusivo para a categoria.<\/p>\n<p>O SindEnfermeiro est\u00e1 trabalhando para fechar parceria com outros hot\u00e9is do DF. A inten\u00e7\u00e3o \u00e9 cuidar dos enfermeiros e dos outros profissionais de sa\u00fade e reduzir o risco de cont\u00e1gio entre os familiares dos trabalhadores.<\/p>\n<p><strong>GDF tamb\u00e9m anuncia parceria com hot\u00e9is<\/strong><\/p>\n<p>O Governo do Distrito Fedreal anunciou uma s\u00e9rie de medidas para proteger os trabalhadores da sa\u00fade, entre elas est\u00e1 a disponibiliza\u00e7\u00e3o de vagas em hot\u00e9is pr\u00f3ximos \u00e0s unidades de sa\u00fade de refer\u00eancia. O governo anunciou nesta quarta-feira (08), que est\u00e1 fechando parcerias para que esses estabelecimentos possam acomodar enfermeiros, t\u00e9cnicos de enfermagem e m\u00e9dicos que est\u00e3o trabalhando na linha de frente do combate ao coronav\u00edrus. No entanto, a medida ainda n\u00e3o tem data para ser anunciada.<\/p>\n<p>O objetivo, de acordo com o Executivo, \u00e9 manter os trabalhadores pr\u00f3ximos \u00e0s unidades de sa\u00fade para reduzir a possibilidade de cont\u00e1gio e dissemina\u00e7\u00e3o para a fam\u00edlia dos profissionais. A iniciativa faz parte de um conjunto de a\u00e7\u00f5es que est\u00e3o sendo tra\u00e7adas para garantir a seguran\u00e7a e as condi\u00e7\u00f5es de trabalho &#8211; que tamb\u00e9m envolvem assist\u00eancia psicol\u00f3gica e aten\u00e7\u00e3o priorit\u00e1ria para a testagem de diagn\u00f3stico do coronav\u00edrus.<\/p>\n","protected":false},"excerpt":{"rendered":"<p>O deputado distrital, Jorge Vianna (Podemos), protocolou na \u00faltima ter\u00e7a-feira (07), um Projeto de Lei que trata da possibilidade de trabalhadores da sa\u00fade que estejam na linha de frente contra o novo coronav\u00edrus se hospedar gratuitamente em hot\u00e9is do Distrito Federal. De acordo com o PL do distrital, a inten\u00e7\u00e3o \u00e9 impedir que os profissionais [&hellip;]<\/p>\n","protected":false},"author":6,"featured_media":39370,"comment_status":"open","ping_status":"open","sticky":false,"template":"","format":"standard","meta":{"footnotes":""},"categories":[6,13,5],"tags":[484,7,483,134,464,482,21],"class_list":["post-39369","post","type-post","status-publish","format-standard","has-post-thumbnail","hentry","category-noticias","category-rede-privada","category-rede-publica","tag-covid","tag-enfermagem","tag-hoteis","tag-jorge-vianna","tag-novo-coronavirus","tag-pl","tag-sindenfermeiro"],"_links":{"self":[{"href":"https:\/\/sindenfermeiro.com.br\/index.php\/wp-json\/wp\/v2\/posts\/39369","targetHints":{"allow":["GET"]}}],"collection":[{"href":"https:\/\/sindenfermeiro.com.br\/index.php\/wp-json\/wp\/v2\/posts"}],"about":[{"href":"https:\/\/sindenfermeiro.com.br\/index.php\/wp-json\/wp\/v2\/types\/post"}],"author":[{"embeddable":true,"href":"https:\/\/sindenfermeiro.com.br\/index.php\/wp-json\/wp\/v2\/users\/6"}],"replies":[{"embeddable":true,"href":"https:\/\/sindenfermeiro.com.br\/index.php\/wp-json\/wp\/v2\/comments?post=39369"}],"version-history":[{"count":1,"href":"https:\/\/sindenfermeiro.com.br\/index.php\/wp-json\/wp\/v2\/posts\/39369\/revisions"}],"predecessor-version":[{"id":39371,"href":"https:\/\/sindenfermeiro.com.br\/index.php\/wp-json\/wp\/v2\/posts\/39369\/revisions\/39371"}],"wp:featuredmedia":[{"embeddable":true,"href":"https:\/\/sindenfermeiro.com.br\/index.php\/wp-json\/wp\/v2\/media\/39370"}],"wp:attachment":[{"href":"https:\/\/sindenfermeiro.com.br\/index.php\/wp-json\/wp\/v2\/media?parent=39369"}],"wp:term":[{"taxonomy":"category","embeddable":true,"href":"https:\/\/sindenfermeiro.com.br\/index.php\/wp-json\/wp\/v2\/categories?post=39369"},{"taxonomy":"post_tag","embeddable":true,"href":"https:\/\/sindenfermeiro.com.br\/index.php\/wp-json\/wp\/v2\/tags?post=39369"}],"curies":[{"name":"wp","href":"https:\/\/api.w.org\/{rel}","templated":true}]}}