{"id":39366,"date":"2020-04-08T16:41:59","date_gmt":"2020-04-08T19:41:59","guid":{"rendered":"https:\/\/sindenfermeiro.com.br\/?p=39366"},"modified":"2026-04-26T20:32:03","modified_gmt":"2026-04-26T23:32:03","slug":"novo-coronavirus-cldf-cria-pl-que-garante-insalubridade-maxima-e-epis-para-enfermeiros-e-outros-profissionais-de-saude","status":"publish","type":"post","link":"https:\/\/sindenfermeiro.com.br\/index.php\/2020\/04\/08\/novo-coronavirus-cldf-cria-pl-que-garante-insalubridade-maxima-e-epis-para-enfermeiros-e-outros-profissionais-de-saude\/","title":{"rendered":"Novo coronav\u00edrus: CLDF cria PL que garante insalubridade m\u00e1xima e EPIs para enfermeiros e outros profissionais de sa\u00fade"},"content":{"rendered":"<p>A C\u00e2mara Legislativa do Distrito Federal aprovou no \u00faltimo dia 25 de mar\u00e7o, o Projeto de Lei (PL) 1047\/2020, que trata de uma s\u00e9rie de medidas de enfrentamento \u00e0 Covid-19. De autoria do deputado distrital Rodrigo Delmasso (Republicanos), o PL foi encaminhado ao Buriti nesta quarta (08), e aguarda a san\u00e7\u00e3o do governador Ibaneis Rocha.<\/p>\n<p><strong>Insalubridade m\u00e1xima para os trabalhadores da sa\u00fade<\/strong><\/p>\n<p>Entre as emendas aprovadas com o texto, est\u00e1 a do deputado distrital Jorge Vianna (PODEMOS), que<em> garante o grau m\u00e1ximo de insalubridade para enfermeiros e outros profissionais de sa\u00fade que trabalham no combate ao coronav\u00edrus, e obriga os gestores da rede p\u00fablica e privada a disponibilizar Equipamentos de Prote\u00e7\u00e3o Individual (EPIs) para os trabalhadores que est\u00e3o atuando no controle da pandemia.<\/em><\/p>\n","protected":false},"excerpt":{"rendered":"<p>A C\u00e2mara Legislativa do Distrito Federal aprovou no \u00faltimo dia 25 de mar\u00e7o, o Projeto de Lei (PL) 1047\/2020, que trata de uma s\u00e9rie de medidas de enfrentamento \u00e0 Covid-19. De autoria do deputado distrital Rodrigo Delmasso (Republicanos), o PL foi encaminhado ao Buriti nesta quarta (08), e aguarda a san\u00e7\u00e3o do governador Ibaneis Rocha. [&hellip;]<\/p>\n","protected":false},"author":6,"featured_media":39368,"comment_status":"open","ping_status":"open","sticky":false,"template":"","format":"standard","meta":{"footnotes":""},"categories":[6,13,5],"tags":[34,7,4,134,481,43],"class_list":["post-39366","post","type-post","status-publish","format-standard","has-post-thumbnail","hentry","category-noticias","category-rede-privada","category-rede-publica","tag-cldf","tag-enfermagem","tag-insalubridade","tag-jorge-vianna","tag-sapude","tag-saude"],"_links":{"self":[{"href":"https:\/\/sindenfermeiro.com.br\/index.php\/wp-json\/wp\/v2\/posts\/39366","targetHints":{"allow":["GET"]}}],"collection":[{"href":"https:\/\/sindenfermeiro.com.br\/index.php\/wp-json\/wp\/v2\/posts"}],"about":[{"href":"https:\/\/sindenfermeiro.com.br\/index.php\/wp-json\/wp\/v2\/types\/post"}],"author":[{"embeddable":true,"href":"https:\/\/sindenfermeiro.com.br\/index.php\/wp-json\/wp\/v2\/users\/6"}],"replies":[{"embeddable":true,"href":"https:\/\/sindenfermeiro.com.br\/index.php\/wp-json\/wp\/v2\/comments?post=39366"}],"version-history":[{"count":1,"href":"https:\/\/sindenfermeiro.com.br\/index.php\/wp-json\/wp\/v2\/posts\/39366\/revisions"}],"predecessor-version":[{"id":39367,"href":"https:\/\/sindenfermeiro.com.br\/index.php\/wp-json\/wp\/v2\/posts\/39366\/revisions\/39367"}],"wp:featuredmedia":[{"embeddable":true,"href":"https:\/\/sindenfermeiro.com.br\/index.php\/wp-json\/wp\/v2\/media\/39368"}],"wp:attachment":[{"href":"https:\/\/sindenfermeiro.com.br\/index.php\/wp-json\/wp\/v2\/media?parent=39366"}],"wp:term":[{"taxonomy":"category","embeddable":true,"href":"https:\/\/sindenfermeiro.com.br\/index.php\/wp-json\/wp\/v2\/categories?post=39366"},{"taxonomy":"post_tag","embeddable":true,"href":"https:\/\/sindenfermeiro.com.br\/index.php\/wp-json\/wp\/v2\/tags?post=39366"}],"curies":[{"name":"wp","href":"https:\/\/api.w.org\/{rel}","templated":true}]}}