{"id":3936,"date":"2018-08-14T18:13:32","date_gmt":"2018-08-14T18:13:32","guid":{"rendered":"http:\/\/www.sindenfermeiro.com.br\/?p=3936"},"modified":"2026-04-26T14:21:45","modified_gmt":"2026-04-26T17:21:45","slug":"fuenf-entrara-com-acao-contra-a-suspensao-da-lei-do-descanso","status":"publish","type":"post","link":"https:\/\/sindenfermeiro.com.br\/index.php\/2018\/08\/14\/fuenf-entrara-com-acao-contra-a-suspensao-da-lei-do-descanso\/","title":{"rendered":"FUEnf entrar\u00e1 com a\u00e7\u00e3o contra a suspens\u00e3o da Lei do Descanso"},"content":{"rendered":"<p><span style=\"font-size: 8pt\"><strong>Por:Pedro Vin\u00edcius Lima<\/strong><\/span><\/p>\n<p><span style=\"font-size: 8pt\"><strong>Foto: Fernanda Ferreira<\/strong><\/span><\/p>\n<p><img loading=\"lazy\" decoding=\"async\" class=\"wp-image-3940 aligncenter\" src=\"http:\/\/www.sindenfermeiro.com.br\/wp-content\/uploads\/2018\/08\/MG_9490-900x600.jpg\" alt=\"\" width=\"503\" height=\"335\" \/><\/p>\n<p style=\"text-align: justify\">Representantes da Frente \u00danica da Enfermagem (FUEnf) se reuniram na \u00faltima segunda (13) para discutir a Lei do Descanso, suspensa em 7 de agosto, ap\u00f3s a\u00e7\u00e3o movida pelo Sindicato dos Hospitais, Casa de Sa\u00fade e Cl\u00ednicas do Distrito Federal (SBH).<\/p>\n<p style=\"text-align: justify\">Na reuni\u00e3o, decidiu-se que a FUEnf entrar\u00e1 com uma a\u00e7\u00e3o questionando a suspens\u00e3o da lei, baseada na \u00a0garantia dos direitos humanos e de dignidade no ambiente de trabalho, al\u00e9m de solicitar a participa\u00e7\u00e3o ao relator do processo como terceiro interessado nas discuss\u00f5es.<\/p>\n<p style=\"text-align: justify\"><strong>Entenda o caso:<\/strong><\/p>\n<p style=\"text-align: justify\">A Lei n\u00ba 5885\/2017 ou Lei do Descanso Digno, aprovada em 8 de junho de 2017, trata das condi\u00e7\u00f5es de repouso dos enfermeiros e estabelece a obrigatoriedade de condi\u00e7\u00f5es m\u00ednimas de salubridade nos locais de descanso dos profissionais.<\/p>\n<p style=\"text-align: justify\">A lei foi suspensa ap\u00f3s a\u00e7\u00e3o do SBH, que alega que o projeto deveria partir do Poder Executivo, e as leis que regulamentam as quest\u00f5es trabalhistas s\u00e3o de responsabilidade da Uni\u00e3o.<\/p>\n<p>&nbsp;<\/p>\n","protected":false},"excerpt":{"rendered":"<p>Por:Pedro Vin\u00edcius Lima Foto: Fernanda Ferreira Representantes da Frente \u00danica da Enfermagem (FUEnf) se reuniram na \u00faltima segunda (13) para discutir a Lei do Descanso, suspensa em 7 de agosto, ap\u00f3s a\u00e7\u00e3o movida pelo Sindicato dos Hospitais, Casa de Sa\u00fade e Cl\u00ednicas do Distrito Federal (SBH). Na reuni\u00e3o, decidiu-se que a FUEnf entrar\u00e1 com uma [&hellip;]<\/p>\n","protected":false},"author":6,"featured_media":3941,"comment_status":"closed","ping_status":"closed","sticky":false,"template":"","format":"standard","meta":{"footnotes":""},"categories":[13,5,2],"tags":[7,27,28,44],"class_list":["post-3936","post","type-post","status-publish","format-standard","has-post-thumbnail","hentry","category-rede-privada","category-rede-publica","category-teste","tag-enfermagem","tag-fuenf","tag-lei-do-descanso-digno","tag-sindenfermeiro-df"],"_links":{"self":[{"href":"https:\/\/sindenfermeiro.com.br\/index.php\/wp-json\/wp\/v2\/posts\/3936","targetHints":{"allow":["GET"]}}],"collection":[{"href":"https:\/\/sindenfermeiro.com.br\/index.php\/wp-json\/wp\/v2\/posts"}],"about":[{"href":"https:\/\/sindenfermeiro.com.br\/index.php\/wp-json\/wp\/v2\/types\/post"}],"author":[{"embeddable":true,"href":"https:\/\/sindenfermeiro.com.br\/index.php\/wp-json\/wp\/v2\/users\/6"}],"replies":[{"embeddable":true,"href":"https:\/\/sindenfermeiro.com.br\/index.php\/wp-json\/wp\/v2\/comments?post=3936"}],"version-history":[{"count":1,"href":"https:\/\/sindenfermeiro.com.br\/index.php\/wp-json\/wp\/v2\/posts\/3936\/revisions"}],"predecessor-version":[{"id":32674,"href":"https:\/\/sindenfermeiro.com.br\/index.php\/wp-json\/wp\/v2\/posts\/3936\/revisions\/32674"}],"wp:featuredmedia":[{"embeddable":true,"href":"https:\/\/sindenfermeiro.com.br\/index.php\/wp-json\/"}],"wp:attachment":[{"href":"https:\/\/sindenfermeiro.com.br\/index.php\/wp-json\/wp\/v2\/media?parent=3936"}],"wp:term":[{"taxonomy":"category","embeddable":true,"href":"https:\/\/sindenfermeiro.com.br\/index.php\/wp-json\/wp\/v2\/categories?post=3936"},{"taxonomy":"post_tag","embeddable":true,"href":"https:\/\/sindenfermeiro.com.br\/index.php\/wp-json\/wp\/v2\/tags?post=3936"}],"curies":[{"name":"wp","href":"https:\/\/api.w.org\/{rel}","templated":true}]}}