{"id":39359,"date":"2020-04-08T12:25:19","date_gmt":"2020-04-08T15:25:19","guid":{"rendered":"https:\/\/sindenfermeiro.com.br\/?p=39359"},"modified":"2026-04-27T02:52:21","modified_gmt":"2026-04-27T05:52:21","slug":"nota-de-esclarecimento-entrega-de-mascaras-a-profissionais","status":"publish","type":"post","link":"https:\/\/sindenfermeiro.com.br\/index.php\/2020\/04\/08\/nota-de-esclarecimento-entrega-de-mascaras-a-profissionais\/","title":{"rendered":"Nota de esclarecimento: entrega de m\u00e1scaras a profissionais"},"content":{"rendered":"<p style=\"text-align: justify\">O Sindicato dos Enfermeiros do Distrito Federal (SindEnfermeiro-DF) vem a p\u00fablico informar que n\u00e3o entregar\u00e1 diretamente m\u00e1scaras do tipo <em>face-shiel<\/em> aos profissionais de sa\u00fade. A Motoluc Pe\u00e7as e Acess\u00f3rios &#8211; empresa respons\u00e1vel pela confec\u00e7\u00e3o das m\u00e1scaras \u2013 fechou uma parceira o movimento \u201cBras\u00edlia contra a Covid\u201d. No entanto, as regras do movimento determinam que a entrega das m\u00e1scaras deva ser feita \u00e0 Secretaria de Sa\u00fade do DF. Desde modo, o SindEnfermeiro n\u00e3o pode mais entregar diretamente os equipamentos.<\/p>\n<p style=\"text-align: justify\">As \u00faltimas unidades foram entregues essa semana. Por hora, o SindEnfermeiro n\u00e3o tem parceiros que fabriquem esse tipo de equipamento, por isso, a entrega de m\u00e1scaras est\u00e1 suspensa. No entanto, reiteramos que solicita\u00e7\u00f5es de m\u00e1scaras e quaisquer equipamentos devem ser feitas pela chefia aos almoxarifados regionais, e estes solicitam ao almoxarifado central via sistema (Alphalink).<\/p>\n<p style=\"text-align: justify\">O SindEnfermeiro-DF continua arrecadando materiais para confec\u00e7\u00e3o de m\u00e1scaras e outros equipamentos de prote\u00e7\u00e3o individual. Voc\u00ea pode doar materiais para a confec\u00e7\u00e3o de EPIs como:<\/p>\n<p style=\"text-align: justify\">PAPEL KRAFT<\/p>\n<p style=\"text-align: justify\">TECIDO DE ALGOD\u00c3O<\/p>\n<p style=\"text-align: justify\">TNT<\/p>\n<p style=\"text-align: justify\">EL\u00c1STICO<\/p>\n<p style=\"text-align: justify\">SACOS PL\u00c1STICOS (M e P)<\/p>\n<p style=\"text-align: justify\">Esses materiais ser\u00e3o entregues pelo sindicato a parceiros que est\u00e3o produzindo os materiais de prote\u00e7\u00e3o individual de forma volunt\u00e1ria. A inten\u00e7\u00e3o \u00e9 entregar aos trabalhadores das unidades de sa\u00fade! Combine a entrega com a nossa equipe atrav\u00e9s do WhatsApp, pelos n\u00fameros (61) 99293-0448 ou (61) 99243-9540.<\/p>\n<p style=\"text-align: justify\"><em><strong>Estamos juntos contra a Covid-19! Doe e ajude a salvar vidas!<\/strong><\/em><\/p>\n","protected":false},"excerpt":{"rendered":"<p>O Sindicato dos Enfermeiros do Distrito Federal (SindEnfermeiro-DF) vem a p\u00fablico informar que n\u00e3o entregar\u00e1 diretamente m\u00e1scaras do tipo face-shiel aos profissionais de sa\u00fade. A Motoluc Pe\u00e7as e Acess\u00f3rios &#8211; empresa respons\u00e1vel pela confec\u00e7\u00e3o das m\u00e1scaras \u2013 fechou uma parceira o movimento \u201cBras\u00edlia contra a Covid\u201d. No entanto, as regras do movimento determinam que a [&hellip;]<\/p>\n","protected":false},"author":6,"featured_media":39361,"comment_status":"open","ping_status":"open","sticky":false,"template":"","format":"standard","meta":{"footnotes":""},"categories":[6,5],"tags":[],"class_list":["post-39359","post","type-post","status-publish","format-standard","has-post-thumbnail","hentry","category-noticias","category-rede-publica"],"_links":{"self":[{"href":"https:\/\/sindenfermeiro.com.br\/index.php\/wp-json\/wp\/v2\/posts\/39359","targetHints":{"allow":["GET"]}}],"collection":[{"href":"https:\/\/sindenfermeiro.com.br\/index.php\/wp-json\/wp\/v2\/posts"}],"about":[{"href":"https:\/\/sindenfermeiro.com.br\/index.php\/wp-json\/wp\/v2\/types\/post"}],"author":[{"embeddable":true,"href":"https:\/\/sindenfermeiro.com.br\/index.php\/wp-json\/wp\/v2\/users\/6"}],"replies":[{"embeddable":true,"href":"https:\/\/sindenfermeiro.com.br\/index.php\/wp-json\/wp\/v2\/comments?post=39359"}],"version-history":[{"count":4,"href":"https:\/\/sindenfermeiro.com.br\/index.php\/wp-json\/wp\/v2\/posts\/39359\/revisions"}],"predecessor-version":[{"id":39364,"href":"https:\/\/sindenfermeiro.com.br\/index.php\/wp-json\/wp\/v2\/posts\/39359\/revisions\/39364"}],"wp:featuredmedia":[{"embeddable":true,"href":"https:\/\/sindenfermeiro.com.br\/index.php\/wp-json\/wp\/v2\/media\/39361"}],"wp:attachment":[{"href":"https:\/\/sindenfermeiro.com.br\/index.php\/wp-json\/wp\/v2\/media?parent=39359"}],"wp:term":[{"taxonomy":"category","embeddable":true,"href":"https:\/\/sindenfermeiro.com.br\/index.php\/wp-json\/wp\/v2\/categories?post=39359"},{"taxonomy":"post_tag","embeddable":true,"href":"https:\/\/sindenfermeiro.com.br\/index.php\/wp-json\/wp\/v2\/tags?post=39359"}],"curies":[{"name":"wp","href":"https:\/\/api.w.org\/{rel}","templated":true}]}}