{"id":39353,"date":"2020-04-07T13:26:24","date_gmt":"2020-04-07T16:26:24","guid":{"rendered":"https:\/\/sindenfermeiro.com.br\/?p=39353"},"modified":"2026-04-26T20:34:51","modified_gmt":"2026-04-26T23:34:51","slug":"no-dia-mundial-da-saude-defender-o-sus-os-profissionais-e-a-vida","status":"publish","type":"post","link":"https:\/\/sindenfermeiro.com.br\/index.php\/2020\/04\/07\/no-dia-mundial-da-saude-defender-o-sus-os-profissionais-e-a-vida\/","title":{"rendered":"NO DIA MUNDIAL DA SA\u00daDE, DEFENDER O SUS, OS PROFISSIONAIS E A VIDA"},"content":{"rendered":"<p><img loading=\"lazy\" decoding=\"async\" class=\"wp-image-39357 aligncenter\" src=\"https:\/\/sindenfermeiro.com.br\/wp-content\/uploads\/2020\/04\/foto-1024x689.jpg\" alt=\"\" width=\"664\" height=\"447\" srcset=\"https:\/\/sindenfermeiro.com.br\/wp-content\/uploads\/2020\/04\/foto-1024x689.jpg 1024w, https:\/\/sindenfermeiro.com.br\/wp-content\/uploads\/2020\/04\/foto-300x202.jpg 300w, https:\/\/sindenfermeiro.com.br\/wp-content\/uploads\/2020\/04\/foto-768x517.jpg 768w, https:\/\/sindenfermeiro.com.br\/wp-content\/uploads\/2020\/04\/foto-1536x1034.jpg 1536w, https:\/\/sindenfermeiro.com.br\/wp-content\/uploads\/2020\/04\/foto.jpg 2000w\" sizes=\"auto, (max-width: 664px) 100vw, 664px\" \/><\/p>\n<p><strong>Por Jorge Henrique, secret\u00e1rio-geral do SindEnfermeiro-DF<\/strong><\/p>\n<p>No dia 07 de Abril, comemora-se o Dia Mundial da Sa\u00fade. Em meio a uma pandemia de propor\u00e7\u00f5es catastr\u00f3ficas, \u00e9 uma quest\u00e3o de justi\u00e7a homenagear aqueles que est\u00e3o na linha de frente no combate ao coronav\u00edrus: os profissionais de sa\u00fade. S\u00e3o estes que est\u00e3o expostos, diariamente, aos riscos de contamina\u00e7\u00e3o por um v\u00edrus que tem um consider\u00e1vel potencial de transmiss\u00e3o e letalidade.<\/p>\n<p>Muitos profissionais de sa\u00fade, ao redor do mundo, t\u00eam sucumbido \u00e0 COVID-19. Em alguns pa\u00edses, os profissionais chegam a ser 14% do total de infectados. Enfrentam jornadas exaustivas, com condi\u00e7\u00f5es de trabalho desfavor\u00e1veis, onde a falta de Equipamentos de Prote\u00e7\u00e3o Individuais (EPIs) faz parte dessa dura realidade e muitos profissionais ainda s\u00e3o apartados de seus lares e de suas fam\u00edlias, para evitar a contamina\u00e7\u00e3o daqueles que eles amam.<\/p>\n<p>Ainda assim, s\u00e3o os Enfermeiros, T\u00e9cnicos de Enfermagem, M\u00e9dicos, Fisioterapeutas e outros profissionais que enfrentam, mesmo em condi\u00e7\u00f5es adversas, um v\u00edrus que amea\u00e7a os sistemas de sa\u00fade pelo mundo. Seja na assist\u00eancia direta ao paciente, nas a\u00e7\u00f5es preventivas, nos servi\u00e7os de vigil\u00e2ncia ou na pesquisa, os profissionais de sa\u00fade se dedicam, generosamente, a salvar vidas.<\/p>\n<p>Esses profissionais constroem, bravamente, muitos sistemas p\u00fablicos de sa\u00fade pelo mundo, como o SUS no Brasil, o NHS no Reino Unido, o Medicare na \u00c1ustr\u00e1lia e os sistemas de Sa\u00fade do Canad\u00e1, da Su\u00e9cia, entre outros. S\u00e3o sistemas de sa\u00fade que garantem a assist\u00eancia da maioria da popula\u00e7\u00e3o, principalmente dos mais pobres. No Brasil, por exemplo, mais de 75% da popula\u00e7\u00e3o utiliza, exclusivamente, o SUS.<\/p>\n<p>Aqui no Brasil, o Sistema \u00danico de Sa\u00fade (SUS) \u00e9 o nosso escudo. O sistema disp\u00f5e de uma rede de institui\u00e7\u00f5es de ensino e pesquisa como universidades, institutos e escolas de sa\u00fade p\u00fablica, possui um legado de avan\u00e7os no sistema de vigil\u00e2ncia em sa\u00fade, na vigil\u00e2ncia sanit\u00e1ria, no sistema de informa\u00e7\u00e3o, na assist\u00eancia farmac\u00eautica, nos transplantes, no Servi\u00e7o de Atendimento M\u00f3vel de Urg\u00eancia (SAMU), no controle de doen\u00e7as infectocontagiosas e de hemoderivados.<\/p>\n<p>O SUS tamb\u00e9m desenvolveu o maior programa de imuniza\u00e7\u00e3o do mundo, sendo autossuficiente na produ\u00e7\u00e3o de imunobiol\u00f3gicos, e possui a Aten\u00e7\u00e3o Prim\u00e1ria em Sa\u00fade (APS), que vincula cerca de 60% da popula\u00e7\u00e3o brasileira \u00e0s equipes de Sa\u00fade da Fam\u00edlia, podendo ser nossa grande arma no combate ao coronav\u00edrus.<\/p>\n<p>Infelizmente, antes da pandemia, pa\u00edses como a Gr\u00e9cia, Portugal, Espanha, Alemanha, Inglaterra reduziram investimentos em pol\u00edticas p\u00fablicas, com impactos negativos para os servi\u00e7os p\u00fablicos de sa\u00fade, como a queda da qualidade da assist\u00eancia, fragmenta\u00e7\u00e3o da gest\u00e3o dos servi\u00e7os, redu\u00e7\u00e3o da cobertura assistencial da popula\u00e7\u00e3o e privatiza\u00e7\u00f5es.<\/p>\n<p>No Brasil, A Emenda Constitucional 95 (EC 95) reduziu ainda mais o financiamento do SUS que, em tempos de pandemia, enfrenta problemas na manuten\u00e7\u00e3o da rede de servi\u00e7os, na remunera\u00e7\u00e3o de seus trabalhadores e no investimento para a amplia\u00e7\u00e3o da infraestrutura p\u00fablica para o combate ao coronav\u00edrus.<\/p>\n<p>A COVID-19 exige dos governos a prote\u00e7\u00e3o do direito universal \u00e0 sa\u00fade. A defesa da vida exige o compromisso dos profissionais e da popula\u00e7\u00e3o na defesa de um SUS p\u00fablico, gratuito e de qualidade. Para isso, \u00e9 importante defender que o financiamento adequado para as pol\u00edticas p\u00fablicas de sa\u00fade s\u00f3 \u00e9 poss\u00edvel com a revoga\u00e7\u00e3o imediata da EC 95.<\/p>\n<p><strong>NO DIA MUNDIAL DA SA\u00daDE, FIQUE EM CASA E DEFENDA O SUS!<\/strong><\/p>\n","protected":false},"excerpt":{"rendered":"<p>Por Jorge Henrique, secret\u00e1rio-geral do SindEnfermeiro-DF No dia 07 de Abril, comemora-se o Dia Mundial da Sa\u00fade. Em meio a uma pandemia de propor\u00e7\u00f5es catastr\u00f3ficas, \u00e9 uma quest\u00e3o de justi\u00e7a homenagear aqueles que est\u00e3o na linha de frente no combate ao coronav\u00edrus: os profissionais de sa\u00fade. S\u00e3o estes que est\u00e3o expostos, diariamente, aos riscos de [&hellip;]<\/p>\n","protected":false},"author":6,"featured_media":39134,"comment_status":"open","ping_status":"open","sticky":false,"template":"","format":"standard","meta":{"footnotes":""},"categories":[6,13,5],"tags":[424,454,480,21,56,165],"class_list":["post-39353","post","type-post","status-publish","format-standard","has-post-thumbnail","hentry","category-noticias","category-rede-privada","category-rede-publica","tag-coronavirus","tag-covid-19","tag-da-mudial-da-saude","tag-sindenfermeiro","tag-sindicato","tag-sus"],"_links":{"self":[{"href":"https:\/\/sindenfermeiro.com.br\/index.php\/wp-json\/wp\/v2\/posts\/39353","targetHints":{"allow":["GET"]}}],"collection":[{"href":"https:\/\/sindenfermeiro.com.br\/index.php\/wp-json\/wp\/v2\/posts"}],"about":[{"href":"https:\/\/sindenfermeiro.com.br\/index.php\/wp-json\/wp\/v2\/types\/post"}],"author":[{"embeddable":true,"href":"https:\/\/sindenfermeiro.com.br\/index.php\/wp-json\/wp\/v2\/users\/6"}],"replies":[{"embeddable":true,"href":"https:\/\/sindenfermeiro.com.br\/index.php\/wp-json\/wp\/v2\/comments?post=39353"}],"version-history":[{"count":4,"href":"https:\/\/sindenfermeiro.com.br\/index.php\/wp-json\/wp\/v2\/posts\/39353\/revisions"}],"predecessor-version":[{"id":39358,"href":"https:\/\/sindenfermeiro.com.br\/index.php\/wp-json\/wp\/v2\/posts\/39353\/revisions\/39358"}],"wp:featuredmedia":[{"embeddable":true,"href":"https:\/\/sindenfermeiro.com.br\/index.php\/wp-json\/wp\/v2\/media\/39134"}],"wp:attachment":[{"href":"https:\/\/sindenfermeiro.com.br\/index.php\/wp-json\/wp\/v2\/media?parent=39353"}],"wp:term":[{"taxonomy":"category","embeddable":true,"href":"https:\/\/sindenfermeiro.com.br\/index.php\/wp-json\/wp\/v2\/categories?post=39353"},{"taxonomy":"post_tag","embeddable":true,"href":"https:\/\/sindenfermeiro.com.br\/index.php\/wp-json\/wp\/v2\/tags?post=39353"}],"curies":[{"name":"wp","href":"https:\/\/api.w.org\/{rel}","templated":true}]}}