{"id":39293,"date":"2020-04-06T14:27:42","date_gmt":"2020-04-06T17:27:42","guid":{"rendered":"https:\/\/sindenfermeiro.com.br\/?p=39293"},"modified":"2026-04-26T20:33:35","modified_gmt":"2026-04-26T23:33:35","slug":"nota-de-pesar-geovani-comochena","status":"publish","type":"post","link":"https:\/\/sindenfermeiro.com.br\/index.php\/2020\/04\/06\/nota-de-pesar-geovani-comochena\/","title":{"rendered":"[Nota de pesar: Geovani Comochena]"},"content":{"rendered":"<p>O Sindicato dos Enfermeiros do Distrito Federal (SindEnfermeiro-DF) lamenta, profundamente o falecimento do enfermeiro Geovani Comochena. O sindicato presta condol\u00eancias a familiares, amigos e colegas de Geovani. Apesar de ainda n\u00e3o sabermos se a contamina\u00e7\u00e3o aconteceu na presta\u00e7\u00e3o de assist\u00eancia de enfermagem, uma perda de um colega para a Covida-19 \u00e9 algo inestim\u00e1vel para toda a categoria.<\/p>\n<p>Como institui\u00e7\u00e3o representativa dos enfermeiros, enaltecemos Giovani pela figura humana que se dedicava h\u00e1 mais de 3 anos no atendimento \u00e0 pessoas com necessidades especiais no Abrigo dos Excepcionais da Ceil\u00e2ndia. O SindEnfermeiro se coloca \u00e0 disposi\u00e7\u00e3o da fam\u00edlia para ajudar no que for poss\u00edvel, uma vez que tentamos entrar em contato com eles, mas n\u00e3o obtivemos sucesso.<\/p>\n","protected":false},"excerpt":{"rendered":"<p>O Sindicato dos Enfermeiros do Distrito Federal (SindEnfermeiro-DF) lamenta, profundamente o falecimento do enfermeiro Geovani Comochena. O sindicato presta condol\u00eancias a familiares, amigos e colegas de Geovani. Apesar de ainda n\u00e3o sabermos se a contamina\u00e7\u00e3o aconteceu na presta\u00e7\u00e3o de assist\u00eancia de enfermagem, uma perda de um colega para a Covida-19 \u00e9 algo inestim\u00e1vel para toda [&hellip;]<\/p>\n","protected":false},"author":6,"featured_media":37805,"comment_status":"open","ping_status":"open","sticky":false,"template":"","format":"standard","meta":{"footnotes":""},"categories":[6,13],"tags":[7,478,275,477,21],"class_list":["post-39293","post","type-post","status-publish","format-standard","has-post-thumbnail","hentry","category-noticias","category-rede-privada","tag-enfermagem","tag-enfermagm","tag-enfermeiro","tag-nota-e-pesar","tag-sindenfermeiro"],"_links":{"self":[{"href":"https:\/\/sindenfermeiro.com.br\/index.php\/wp-json\/wp\/v2\/posts\/39293","targetHints":{"allow":["GET"]}}],"collection":[{"href":"https:\/\/sindenfermeiro.com.br\/index.php\/wp-json\/wp\/v2\/posts"}],"about":[{"href":"https:\/\/sindenfermeiro.com.br\/index.php\/wp-json\/wp\/v2\/types\/post"}],"author":[{"embeddable":true,"href":"https:\/\/sindenfermeiro.com.br\/index.php\/wp-json\/wp\/v2\/users\/6"}],"replies":[{"embeddable":true,"href":"https:\/\/sindenfermeiro.com.br\/index.php\/wp-json\/wp\/v2\/comments?post=39293"}],"version-history":[{"count":1,"href":"https:\/\/sindenfermeiro.com.br\/index.php\/wp-json\/wp\/v2\/posts\/39293\/revisions"}],"predecessor-version":[{"id":39294,"href":"https:\/\/sindenfermeiro.com.br\/index.php\/wp-json\/wp\/v2\/posts\/39293\/revisions\/39294"}],"wp:featuredmedia":[{"embeddable":true,"href":"https:\/\/sindenfermeiro.com.br\/index.php\/wp-json\/wp\/v2\/media\/37805"}],"wp:attachment":[{"href":"https:\/\/sindenfermeiro.com.br\/index.php\/wp-json\/wp\/v2\/media?parent=39293"}],"wp:term":[{"taxonomy":"category","embeddable":true,"href":"https:\/\/sindenfermeiro.com.br\/index.php\/wp-json\/wp\/v2\/categories?post=39293"},{"taxonomy":"post_tag","embeddable":true,"href":"https:\/\/sindenfermeiro.com.br\/index.php\/wp-json\/wp\/v2\/tags?post=39293"}],"curies":[{"name":"wp","href":"https:\/\/api.w.org\/{rel}","templated":true}]}}