{"id":39283,"date":"2020-04-03T12:59:18","date_gmt":"2020-04-03T15:59:18","guid":{"rendered":"https:\/\/sindenfermeiro.com.br\/?p=39283"},"modified":"2026-04-27T03:40:42","modified_gmt":"2026-04-27T06:40:42","slug":"epis-sindenfermeiro-solicita-acompanhamento-de-gastos-da-ses-e-igesdf-ao-mpdft","status":"publish","type":"post","link":"https:\/\/sindenfermeiro.com.br\/index.php\/2020\/04\/03\/epis-sindenfermeiro-solicita-acompanhamento-de-gastos-da-ses-e-igesdf-ao-mpdft\/","title":{"rendered":"EPIs: SindEnfermeiro solicita acompanhamento de gastos da SES e IGESDF ao MPDFT"},"content":{"rendered":"<div id=\"attachment_39284\" style=\"width: 660px\" class=\"wp-caption aligncenter\"><img loading=\"lazy\" decoding=\"async\" aria-describedby=\"caption-attachment-39284\" class=\"wp-image-39284\" src=\"https:\/\/sindenfermeiro.com.br\/wp-content\/uploads\/2020\/04\/MPDFT-daniel-ferreira-metr\u00f3poles-e1565091892583-1.jpg\" alt=\"\" width=\"650\" height=\"433\" srcset=\"https:\/\/sindenfermeiro.com.br\/wp-content\/uploads\/2020\/04\/MPDFT-daniel-ferreira-metr\u00f3poles-e1565091892583-1.jpg 840w, https:\/\/sindenfermeiro.com.br\/wp-content\/uploads\/2020\/04\/MPDFT-daniel-ferreira-metr\u00f3poles-e1565091892583-1-300x200.jpg 300w, https:\/\/sindenfermeiro.com.br\/wp-content\/uploads\/2020\/04\/MPDFT-daniel-ferreira-metr\u00f3poles-e1565091892583-1-768x512.jpg 768w\" sizes=\"auto, (max-width: 650px) 100vw, 650px\" \/><p id=\"caption-attachment-39284\" class=\"wp-caption-text\">Foto: Daniel Ferreira\/Metr\u00f3poles<\/p><\/div>\n<p>O Sindicato dos Enfermeiros do Distrito Federal (SindEnfermeiro-DF) realizou, na manh\u00e3 de hoje (03), o requerimento para ingressar na A\u00e7\u00e3o Civil P\u00fablica ajuizada pelo Minist\u00e9rio P\u00fablico do Distrito Federal (MPDFT) no \u00faltimo dia 27 de mar\u00e7o &#8211; que solicita \u00e0 Secretaria de Sa\u00fade (SES-DF) e ao Instituto de Gest\u00e3o Estrat\u00e9gica de Sa\u00fade (IGESDF) que disponibilizem em tempo real todas as despesas relacionadas com a aquisi\u00e7\u00e3o dos Equipamentos de Prote\u00e7\u00e3o Individual (EPIs) para as unidades de sa\u00fade.<\/p>\n<p>O ingresso na a\u00e7\u00e3o tem como objetivo dar transpar\u00eancia e publicidade aos gastos que vem sendo realizados para contrata\u00e7\u00f5es e aquisi\u00e7\u00e3o de materiais que vem sendo utilizados no combate \u00e0 Covid-19, em especial aos EPIs &#8211; o que possibilita a obten\u00e7\u00e3o de dados precisos sobre a gest\u00e3o or\u00e7ament\u00e1ria e de pessoal, levando a uma melhor utiliza\u00e7\u00e3o dos recursos e dos materiais, t\u00e3o escassos nesse momento.<\/p>\n<p>Para a presidente do SindEnfermeiro, Dayse Amar\u00edlio, as dificuldades enfrentadas pelo governo na compra de material s\u00e3o compreens\u00edveis pelo momento que estamos vivendo, mas que a transpar\u00eancia nos gastos n\u00e3o pode ser deixada de lado.<\/p>\n<p>&#8220;N\u00f3s entendemos que o governo vem tendo dificuldades para garantir a compra de material, por conta do cen\u00e1rio que estamos atravessando. Mas \u00e9 fundamental que haja transpar\u00eancia em todos os processos, a quantidade de pedidos que est\u00e3o sendo realizados e se esses materiais est\u00e3o sendo distribu\u00eddos para as unidades&#8221;, afirma.<\/p>\n<p>A a\u00e7\u00e3o teve liminar deferida no \u00faltimo dia 30 de mar\u00e7o, determinando que a SES e o IGES-DF disponibilizem a publica\u00e7\u00e3o em tempo real de todas as contrata\u00e7\u00f5es e aquisi\u00e7\u00f5es realizadas decorrentes das medidas de combate e preven\u00e7\u00e3o \u00e0 Covid-19. A determina\u00e7\u00e3o deve ser cumprida at\u00e9 a pr\u00f3xima segunda-feira (6).<\/p>\n<p>Segundo Dayse, al\u00e9m da quest\u00e3o de fiscaliza\u00e7\u00e3o or\u00e7ament\u00e1ria, a divulga\u00e7\u00e3o desses dados pode fazer com que as entidades de representa\u00e7\u00e3o da sa\u00fade tamb\u00e9m possam colaborar para a correta distribui\u00e7\u00e3o dos materiais.<\/p>\n<p>&#8220;A transpar\u00eancia nesses dados pode fazer com que at\u00e9 mesmo o sindicato &#8211; que representa nesse momento a maior parcela de trabalhadores atuando no combate ao coronav\u00edrus, possa auxiliar devidamente o governo no sentido de fazer a distribui\u00e7\u00e3o dos insumos de acordo com as reais necessidades dos profissionais&#8221;, finaliza.<\/p>\n","protected":false},"excerpt":{"rendered":"<p>O Sindicato dos Enfermeiros do Distrito Federal (SindEnfermeiro-DF) realizou, na manh\u00e3 de hoje (03), o requerimento para ingressar na A\u00e7\u00e3o Civil P\u00fablica ajuizada pelo Minist\u00e9rio P\u00fablico do Distrito Federal (MPDFT) no \u00faltimo dia 27 de mar\u00e7o &#8211; que solicita \u00e0 Secretaria de Sa\u00fade (SES-DF) e ao Instituto de Gest\u00e3o Estrat\u00e9gica de Sa\u00fade (IGESDF) que disponibilizem [&hellip;]<\/p>\n","protected":false},"author":6,"featured_media":39284,"comment_status":"open","ping_status":"open","sticky":false,"template":"","format":"standard","meta":{"footnotes":""},"categories":[6,5],"tags":[424,476,475,313,340,236,81,21,56],"class_list":["post-39283","post","type-post","status-publish","format-standard","has-post-thumbnail","hentry","category-noticias","category-rede-publica","tag-coronavirus","tag-epi","tag-epis","tag-igesdf","tag-mpdft","tag-ses","tag-ses-df","tag-sindenfermeiro","tag-sindicato"],"_links":{"self":[{"href":"https:\/\/sindenfermeiro.com.br\/index.php\/wp-json\/wp\/v2\/posts\/39283","targetHints":{"allow":["GET"]}}],"collection":[{"href":"https:\/\/sindenfermeiro.com.br\/index.php\/wp-json\/wp\/v2\/posts"}],"about":[{"href":"https:\/\/sindenfermeiro.com.br\/index.php\/wp-json\/wp\/v2\/types\/post"}],"author":[{"embeddable":true,"href":"https:\/\/sindenfermeiro.com.br\/index.php\/wp-json\/wp\/v2\/users\/6"}],"replies":[{"embeddable":true,"href":"https:\/\/sindenfermeiro.com.br\/index.php\/wp-json\/wp\/v2\/comments?post=39283"}],"version-history":[{"count":1,"href":"https:\/\/sindenfermeiro.com.br\/index.php\/wp-json\/wp\/v2\/posts\/39283\/revisions"}],"predecessor-version":[{"id":39285,"href":"https:\/\/sindenfermeiro.com.br\/index.php\/wp-json\/wp\/v2\/posts\/39283\/revisions\/39285"}],"wp:featuredmedia":[{"embeddable":true,"href":"https:\/\/sindenfermeiro.com.br\/index.php\/wp-json\/wp\/v2\/media\/39284"}],"wp:attachment":[{"href":"https:\/\/sindenfermeiro.com.br\/index.php\/wp-json\/wp\/v2\/media?parent=39283"}],"wp:term":[{"taxonomy":"category","embeddable":true,"href":"https:\/\/sindenfermeiro.com.br\/index.php\/wp-json\/wp\/v2\/categories?post=39283"},{"taxonomy":"post_tag","embeddable":true,"href":"https:\/\/sindenfermeiro.com.br\/index.php\/wp-json\/wp\/v2\/tags?post=39283"}],"curies":[{"name":"wp","href":"https:\/\/api.w.org\/{rel}","templated":true}]}}