{"id":39279,"date":"2020-04-01T17:53:30","date_gmt":"2020-04-01T20:53:30","guid":{"rendered":"https:\/\/sindenfermeiro.com.br\/?p=39279"},"modified":"2026-04-26T20:31:56","modified_gmt":"2026-04-26T23:31:56","slug":"sindenfermeiro-se-reune-com-igesdf-para-tratar-demandas-dos-enfermeiros","status":"publish","type":"post","link":"https:\/\/sindenfermeiro.com.br\/index.php\/2020\/04\/01\/sindenfermeiro-se-reune-com-igesdf-para-tratar-demandas-dos-enfermeiros\/","title":{"rendered":"SindEnfermeiro se re\u00fane com IGESDF para tratar demandas dos enfermeiros"},"content":{"rendered":"<p style=\"text-align: center\"><img loading=\"lazy\" decoding=\"async\" class=\"size-medium wp-image-39280 aligncenter\" src=\"https:\/\/sindenfermeiro.com.br\/wp-content\/uploads\/2020\/04\/UPA-300x195.jpg\" alt=\"\" width=\"300\" height=\"195\" srcset=\"https:\/\/sindenfermeiro.com.br\/wp-content\/uploads\/2020\/04\/UPA-300x195.jpg 300w, https:\/\/sindenfermeiro.com.br\/wp-content\/uploads\/2020\/04\/UPA-768x498.jpg 768w, https:\/\/sindenfermeiro.com.br\/wp-content\/uploads\/2020\/04\/UPA.jpg 899w\" sizes=\"auto, (max-width: 300px) 100vw, 300px\" \/><span style=\"font-size: 8pt\">Foto: JP RODRIGUES\/METR\u00d3POLES<\/span><\/p>\n<p>&nbsp;<\/p>\n<p style=\"text-align: justify\">Na \u00faltima segunda-feira (30), a presidente do Sindicato dos Enfermeiros do Distrito Federal (SindEnfermeiro-DF), Dayse Amar\u00edlio e o diretor M\u00e1rcio da Mata se reuniram com o presidente do IGESDF, S\u00e9rgio Luiz da Costa e com os diretores de Recursos Humanos e Assistencia das Unidades de Ponto Atendimento. A inten\u00e7\u00e3o do encontro foi discutir demandas antigas dos enfermeiros, mas que tiveram que ser paralisadas diante \u00e0 pandemia do novo coronav\u00edrus.<\/p>\n<p style=\"text-align: justify\">Entre os pontos abordados na reuni\u00e3o est\u00e3o remo\u00e7\u00f5es feitas pela UTI Vida, o fluxo de atendimento aos servidores que apresentarem sintomas da Covid-19, a reutiliza\u00e7\u00e3o das m\u00e1scaras N-95, exig\u00eancia de jalecos e a proposta de cargos e sal\u00e1rios para conven\u00e7\u00e3o coletiva de 2020.<\/p>\n<p style=\"text-align: justify\"><strong>Remo\u00e7\u00f5es pela UTI Vida<\/strong><\/p>\n<p style=\"text-align: justify\">De acordo com a gerente assist\u00eancia, foi realizada uma mudan\u00e7a. Agora, n\u00e3o existe nenhuma intermedia\u00e7\u00e3o telef\u00f4nica nas chamadas para as remo\u00e7\u00f5es da UTI Vida, uma vez que atualmente s\u00e3o controladas pelo n\u00facleo de mobilidade. Agora as UPAs servem de base para pelo menos uma ambul\u00e2ncia diariamente.<\/p>\n<p style=\"text-align: justify\"><strong>Fluxo de atendimento dos servidores e reutiliza\u00e7\u00e3o de N-95<\/strong><\/p>\n<p style=\"text-align: justify\">Foi solicitado que o IGESDF encaminhe por escrito o fluxo de atendimento dos servidores sintom\u00e1ticos da Covid-19. Tamb\u00e9m foi apontado pelo SindEnfermeiro que 15 dias como per\u00edodo de reutiliza\u00e7\u00e3o das m\u00e1scaras N-95 \u00e9 um per\u00edodo muito longo e que essa a\u00e7\u00e3o seja revisada, usando como base o Manual da Ag\u00eancia Nacional de Vigil\u00e2ncia Sanit\u00e1ria (ANVISA) do \u00faltimo dia 21 de mar\u00e7o. O sindicato enfatizou tamb\u00e9m que outros aspectos tamb\u00e9m devem ser observados, como umidifica\u00e7\u00e3o ou sujidade, e caso aconte\u00e7am, as m\u00e1scaras devem ser substitu\u00eddas por outras.<\/p>\n<p style=\"text-align: justify\"><strong>Exig\u00eancia de jalecos<\/strong><\/p>\n<p style=\"text-align: justify\">A presidente do SindEnfermeiro apresentou den\u00fancias que alguns gerentes deram advert\u00eancias verbais e escrita, al\u00e9m de faltas aos enfermeiros que estavam sem jaleco e exigiam que os profissionais arcassem com seus jalecos, no entanto, Dayse relembrou aos gestores que de acordo com o item 23 da conven\u00e7\u00e3o coletiva, o IGESDF \u00e9 respons\u00e1vel por providenciar a pe\u00e7a aos trabalhadores.<\/p>\n<p style=\"text-align: justify\">Os representantes do IGESDF apontaram que existe uma solicita\u00e7\u00e3o de compra dos jalecos para todos os profissionais e que encaminhariam uma circular a todos os gestores para que ocorra uma medi\u00e7\u00e3o at\u00e9 que a situa\u00e7\u00e3o seja resolvida e que n\u00e3o haja uma cobran\u00e7a t\u00e3o incisiva aos profissionais.<\/p>\n<p style=\"text-align: justify\"><strong>Intervalo de almo\u00e7o da UPA de Sobradinho<\/strong><\/p>\n<p style=\"text-align: justify\">Outro ponto levantado por Dayse foi que o gestor local da UPA de Sobradinho solicitava a perman\u00eancia dos trabalhadores que estavam em hor\u00e1rio de almo\u00e7o na pr\u00f3pria unidade de sa\u00fade. Segundo o diretor de RH, essa n\u00e3o \u00e9 uma orienta\u00e7\u00e3o do IGESDF e que a situa\u00e7\u00e3o seria conversada pontualmente com o gestor da UPA.<\/p>\n<p style=\"text-align: justify\"><strong>Dificuldade no manuseio do sistema<\/strong><\/p>\n<p style=\"text-align: justify\">A reuni\u00e3o tamb\u00e9m tratou da dificuldade de manuseio e efic\u00e1cia do sistema de informa\u00e7\u00e3o usado pelo IGESDF. Os representantes informaram que aconteceu um treinamento em todas as Unidades de Pronto Atendimento, no entanto, a ades\u00e3o foi muito baixa, mesmo com diversos hor\u00e1rios.<\/p>\n<p style=\"text-align: justify\"><strong>Comprova\u00e7\u00e3o de passagem<\/strong><\/p>\n<p style=\"text-align: justify\">Dayse Amar\u00edlio apresentou aos gestores do IGES uma den\u00fancia de que estava sendo exigido dos trabalhadores que moram no Entorno do Distrito Federal, a apresenta\u00e7\u00e3o de bilhetes de passagem. Os gestores informaram que a exig\u00eancia \u00e9 de comprovante de resid\u00eancia e n\u00e3o do bilhete de passagem. Segundo eles, est\u00e1 acontecendo um recadastramento na central de benef\u00edcio, por isso a necessidade do comprovante de resid\u00eancia e preenchimento de um formul\u00e1rio com o valor da passagem que ser\u00e1 conferido na tabela fornecida pela ANTT.<\/p>\n<p style=\"text-align: justify\"><strong>Proposta de cargos e sal\u00e1rios para conven\u00e7\u00e3o coletiva de 2020<\/strong><\/p>\n<p style=\"text-align: justify\">Ficou acordado entre SindEnfermeiro e IGESDF que acontecer\u00e1 uma reuni\u00e3o espec\u00edfica para tratar da conven\u00e7\u00e3o coletiva e da proposta de cargos e sal\u00e1rios dos enfermeiros que trabalham no instituto. A inten\u00e7\u00e3o \u00e9 que o encontro aconte\u00e7a assim que a pandemia do novo coronav\u00edrus cessar.<\/p>\n","protected":false},"excerpt":{"rendered":"<p>Foto: JP RODRIGUES\/METR\u00d3POLES &nbsp; Na \u00faltima segunda-feira (30), a presidente do Sindicato dos Enfermeiros do Distrito Federal (SindEnfermeiro-DF), Dayse Amar\u00edlio e o diretor M\u00e1rcio da Mata se reuniram com o presidente do IGESDF, S\u00e9rgio Luiz da Costa e com os diretores de Recursos Humanos e Assistencia das Unidades de Ponto Atendimento. A inten\u00e7\u00e3o do encontro [&hellip;]<\/p>\n","protected":false},"author":6,"featured_media":39280,"comment_status":"open","ping_status":"open","sticky":false,"template":"","format":"standard","meta":{"footnotes":""},"categories":[6,13],"tags":[474,54,313,21],"class_list":["post-39279","post","type-post","status-publish","format-standard","has-post-thumbnail","hentry","category-noticias","category-rede-privada","tag-enfermegem","tag-enfermeiros","tag-igesdf","tag-sindenfermeiro"],"_links":{"self":[{"href":"https:\/\/sindenfermeiro.com.br\/index.php\/wp-json\/wp\/v2\/posts\/39279","targetHints":{"allow":["GET"]}}],"collection":[{"href":"https:\/\/sindenfermeiro.com.br\/index.php\/wp-json\/wp\/v2\/posts"}],"about":[{"href":"https:\/\/sindenfermeiro.com.br\/index.php\/wp-json\/wp\/v2\/types\/post"}],"author":[{"embeddable":true,"href":"https:\/\/sindenfermeiro.com.br\/index.php\/wp-json\/wp\/v2\/users\/6"}],"replies":[{"embeddable":true,"href":"https:\/\/sindenfermeiro.com.br\/index.php\/wp-json\/wp\/v2\/comments?post=39279"}],"version-history":[{"count":2,"href":"https:\/\/sindenfermeiro.com.br\/index.php\/wp-json\/wp\/v2\/posts\/39279\/revisions"}],"predecessor-version":[{"id":39282,"href":"https:\/\/sindenfermeiro.com.br\/index.php\/wp-json\/wp\/v2\/posts\/39279\/revisions\/39282"}],"wp:featuredmedia":[{"embeddable":true,"href":"https:\/\/sindenfermeiro.com.br\/index.php\/wp-json\/wp\/v2\/media\/39280"}],"wp:attachment":[{"href":"https:\/\/sindenfermeiro.com.br\/index.php\/wp-json\/wp\/v2\/media?parent=39279"}],"wp:term":[{"taxonomy":"category","embeddable":true,"href":"https:\/\/sindenfermeiro.com.br\/index.php\/wp-json\/wp\/v2\/categories?post=39279"},{"taxonomy":"post_tag","embeddable":true,"href":"https:\/\/sindenfermeiro.com.br\/index.php\/wp-json\/wp\/v2\/tags?post=39279"}],"curies":[{"name":"wp","href":"https:\/\/api.w.org\/{rel}","templated":true}]}}