{"id":39270,"date":"2020-03-31T15:01:58","date_gmt":"2020-03-31T18:01:58","guid":{"rendered":"https:\/\/sindenfermeiro.com.br\/?p=39270"},"modified":"2026-04-26T20:35:42","modified_gmt":"2026-04-26T23:35:42","slug":"vacinacao-contra-a-gripe-para-profissionais-da-saude","status":"publish","type":"post","link":"https:\/\/sindenfermeiro.com.br\/index.php\/2020\/03\/31\/vacinacao-contra-a-gripe-para-profissionais-da-saude\/","title":{"rendered":"Vacina\u00e7\u00e3o contra a gripe para profissionais da Sa\u00fade"},"content":{"rendered":"<style type=\"text\/css\">\n#foogallery-gallery-39272 .fg-image { width: 640px; }<\/style>\n\t\t\t<div class=\"foogallery foogallery-container foogallery-image-viewer foogallery-link-image foogallery-lightbox-none fg-center fg-image-viewer fg-ready fg-light fg-border-thin fg-shadow-outline fg-loading-default fg-loaded-fade-in fg-caption-hover fg-hover-fade fg-hover-zoom\" id=\"foogallery-gallery-39272\" data-foogallery=\"{&quot;item&quot;:{&quot;showCaptionTitle&quot;:true,&quot;showCaptionDescription&quot;:true},&quot;lazy&quot;:true,&quot;template&quot;:{&quot;loop&quot;:true}}\" style=\"--fg-title-line-clamp: 0; --fg-description-line-clamp: 0;\" >\n\t<div class=\"fiv-inner\">\n\t\t<div class=\"fiv-inner-container\">\n\t\t\t<div class=\"fg-item fg-type-image fg-idle\"><figure class=\"fg-item-inner\"><a href=\"https:\/\/sindenfermeiro.com.br\/wp-content\/uploads\/2020\/03\/WhatsApp-Image-2020-03-31-at-13.36.28-Copia.jpeg\" data-attachment-id=\"39273\" data-type=\"image\" class=\"fg-thumb\"><span class=\"fg-image-wrap\"><img fetchpriority=\"high\" decoding=\"async\" width=\"640\" height=\"360\" class=\"skip-lazy fg-image\" data-src-fg=\"https:\/\/sindenfermeiro.com.br\/wp-content\/uploads\/cache\/2020\/03\/WhatsApp-Image-2020-03-31-at-13_36_28-Copia\/1825265160.jpeg\" src=\"data:image\/svg+xml,%3Csvg%20xmlns%3D%22http%3A%2F%2Fwww.w3.org%2F2000%2Fsvg%22%20width%3D%22640%22%20height%3D%22360%22%20viewBox%3D%220%200%20640%20360%22%3E%3C%2Fsvg%3E\" loading=\"eager\"><\/span><span class=\"fg-image-overlay\"><\/span><\/a><\/figure><div class=\"fg-loader\"><\/div><\/div><div class=\"fg-item fg-type-image fg-idle\"><figure class=\"fg-item-inner\"><a href=\"https:\/\/sindenfermeiro.com.br\/wp-content\/uploads\/2020\/03\/WhatsApp-Image-2020-03-31-at-13.36.28-1-Copia.jpeg\" data-attachment-id=\"39274\" data-type=\"image\" class=\"fg-thumb\"><span class=\"fg-image-wrap\"><img decoding=\"async\" width=\"640\" height=\"360\" class=\"skip-lazy fg-image\" data-src-fg=\"https:\/\/sindenfermeiro.com.br\/wp-content\/uploads\/cache\/2020\/03\/WhatsApp-Image-2020-03-31-at-13_36_28-1-Copia\/1805306114.jpeg\" src=\"data:image\/svg+xml,%3Csvg%20xmlns%3D%22http%3A%2F%2Fwww.w3.org%2F2000%2Fsvg%22%20width%3D%22640%22%20height%3D%22360%22%20viewBox%3D%220%200%20640%20360%22%3E%3C%2Fsvg%3E\" loading=\"eager\"><\/span><span class=\"fg-image-overlay\"><\/span><\/a><\/figure><div class=\"fg-loader\"><\/div><\/div><div class=\"fg-item fg-type-image fg-idle\"><figure class=\"fg-item-inner\"><a href=\"https:\/\/sindenfermeiro.com.br\/wp-content\/uploads\/2020\/03\/WhatsApp-Image-2020-03-31-at-13.36.28-2-Copia.jpeg\" data-attachment-id=\"39275\" data-type=\"image\" class=\"fg-thumb\"><span class=\"fg-image-wrap\"><img decoding=\"async\" width=\"640\" height=\"360\" class=\"skip-lazy fg-image\" data-src-fg=\"https:\/\/sindenfermeiro.com.br\/wp-content\/uploads\/cache\/2020\/03\/WhatsApp-Image-2020-03-31-at-13_36_28-2-Copia\/2910202542.jpeg\" src=\"data:image\/svg+xml,%3Csvg%20xmlns%3D%22http%3A%2F%2Fwww.w3.org%2F2000%2Fsvg%22%20width%3D%22640%22%20height%3D%22360%22%20viewBox%3D%220%200%20640%20360%22%3E%3C%2Fsvg%3E\" loading=\"eager\"><\/span><span class=\"fg-image-overlay\"><\/span><\/a><\/figure><div class=\"fg-loader\"><\/div><\/div>\t\t<\/div>\n\t\t<div class=\"fiv-ctrls\">\n\t\t\t<button type=\"button\" class=\"fiv-prev\" title=\"Prev\"><span>Prev<\/span><\/button>\n\t\t\t<label class=\"fiv-count\"><span class=\"fiv-count-current\">1<\/span>of<span class=\"fiv-count-total\">3<\/span><\/label>\n\t\t\t<button type=\"button\" class=\"fiv-next\" title=\"Next\"><span>Next<\/span><\/button>\n\t\t<\/div>\n\t<\/div>\n<\/div>\n<p><strong><em>Aten\u00e7\u00e3o profissionais da sa\u00fade, chegou a hora de voc\u00eas se vacinarem contra a gripe!<\/em><\/strong><\/p>\n<p>Entre os dias 30 de mar\u00e7o e 16 de abril, os trabalhadores da linha de frente contra o coronav\u00edrus s\u00e3o o grupo priorit\u00e1rio para a imuniza\u00e7\u00e3o contra a gripe influenza!<\/p>\n<p>O ministro da Sa\u00fade, Luiz Henrique Mandetta, e os membros da c\u00fapula do governo receberam a vacina contra a gripe, aplicada por profissionais de enfermeiros da Secretaria de Sa\u00fade do Distrito Federal, como parte dos esfor\u00e7os para combater o coronav\u00edrus!<\/p>\n<p>\u00c9 fundamental que voc\u00ea, enfermeiro, m\u00e9dico, ou profissional de qualquer especialidade procure a vacina &#8211; que n\u00e3o previne contra o coronav\u00edrus, mas auxilia o diagn\u00f3stico para o v\u00edrus, j\u00e1 que elimina a possibilidade de contato por outros tipos de gripe!<\/p>\n<p><strong><em>N\u00e3o deixe de se vacinar! Juntos venceremos mais esta batalha!<\/em><\/strong><\/p>\n","protected":false},"excerpt":{"rendered":"<p>Aten\u00e7\u00e3o profissionais da sa\u00fade, chegou a hora de voc\u00eas se vacinarem contra a gripe! Entre os dias 30 de mar\u00e7o e 16 de abril, os trabalhadores da linha de frente contra o coronav\u00edrus s\u00e3o o grupo priorit\u00e1rio para a imuniza\u00e7\u00e3o contra a gripe influenza! O ministro da Sa\u00fade, Luiz Henrique Mandetta, e os membros da [&hellip;]<\/p>\n","protected":false},"author":6,"featured_media":39275,"comment_status":"open","ping_status":"open","sticky":false,"template":"","format":"standard","meta":{"footnotes":""},"categories":[6,13,5],"tags":[424,54,472,473,236,471],"class_list":["post-39270","post","type-post","status-publish","format-standard","has-post-thumbnail","hentry","category-noticias","category-rede-privada","category-rede-publica","tag-coronavirus","tag-enfermeiros","tag-gripe","tag-profissionais-de-saude","tag-ses","tag-vacinacao"],"_links":{"self":[{"href":"https:\/\/sindenfermeiro.com.br\/index.php\/wp-json\/wp\/v2\/posts\/39270","targetHints":{"allow":["GET"]}}],"collection":[{"href":"https:\/\/sindenfermeiro.com.br\/index.php\/wp-json\/wp\/v2\/posts"}],"about":[{"href":"https:\/\/sindenfermeiro.com.br\/index.php\/wp-json\/wp\/v2\/types\/post"}],"author":[{"embeddable":true,"href":"https:\/\/sindenfermeiro.com.br\/index.php\/wp-json\/wp\/v2\/users\/6"}],"replies":[{"embeddable":true,"href":"https:\/\/sindenfermeiro.com.br\/index.php\/wp-json\/wp\/v2\/comments?post=39270"}],"version-history":[{"count":1,"href":"https:\/\/sindenfermeiro.com.br\/index.php\/wp-json\/wp\/v2\/posts\/39270\/revisions"}],"predecessor-version":[{"id":39276,"href":"https:\/\/sindenfermeiro.com.br\/index.php\/wp-json\/wp\/v2\/posts\/39270\/revisions\/39276"}],"wp:featuredmedia":[{"embeddable":true,"href":"https:\/\/sindenfermeiro.com.br\/index.php\/wp-json\/wp\/v2\/media\/39275"}],"wp:attachment":[{"href":"https:\/\/sindenfermeiro.com.br\/index.php\/wp-json\/wp\/v2\/media?parent=39270"}],"wp:term":[{"taxonomy":"category","embeddable":true,"href":"https:\/\/sindenfermeiro.com.br\/index.php\/wp-json\/wp\/v2\/categories?post=39270"},{"taxonomy":"post_tag","embeddable":true,"href":"https:\/\/sindenfermeiro.com.br\/index.php\/wp-json\/wp\/v2\/tags?post=39270"}],"curies":[{"name":"wp","href":"https:\/\/api.w.org\/{rel}","templated":true}]}}