{"id":39217,"date":"2020-03-27T14:14:41","date_gmt":"2020-03-27T17:14:41","guid":{"rendered":"https:\/\/sindenfermeiro.com.br\/?p=39217"},"modified":"2026-04-27T02:29:30","modified_gmt":"2026-04-27T05:29:30","slug":"sindenfermeiro-solicita-ao-gdf-o-deficit-de-enfermeiros-e-indice-absenteismo-na-ses-df","status":"publish","type":"post","link":"https:\/\/sindenfermeiro.com.br\/index.php\/2020\/03\/27\/sindenfermeiro-solicita-ao-gdf-o-deficit-de-enfermeiros-e-indice-absenteismo-na-ses-df\/","title":{"rendered":"SindEnfermeiro solicita d\u00e9ficit de enfermeiros ao GDF e reitera a necessidade de  nomea\u00e7\u00f5es na SES-DF"},"content":{"rendered":"<p style=\"text-align: justify\">O Sindicato dos Enfermeiros do Distrito Federal (SindEnfermeiro-DF) encaminhou nesta sexta-feira (27), um of\u00edcio ao Governo do Distrito Federal em que reitera o pedido para nomea\u00e7\u00e3o de enfermeiros e solicitando o dimensionamento na Secretaria de Sa\u00fade (SES-DF), assim como o \u00edndice de absente\u00edsmo.<\/p>\n<p>No dia 16 de mar\u00e7o, em resposta \u00e0 divulga\u00e7\u00e3o do decreto com uma s\u00e9rie de medidas para combater a epidemia de dengue e a pandemia de coronav\u00edrus &#8211; entre elas a contrata\u00e7\u00e3o tempor\u00e1ria de enfermeiros &#8211; o SindEnfermeiro solicitou ao GDF que n\u00e3o houvessem contrata\u00e7\u00f5es tempor\u00e1rias, mas sim a nomea\u00e7\u00e3o dos enfermeiros aprovados nos concursos vigentes, sendo essa uma bandeira levantada pela atual gest\u00e3o do sindicato desde sua posse, em 2016 &#8211; concursos p\u00fablicos para enfermeiros.<\/p>\n<p style=\"text-align: justify\"><strong>Entenda o que aconteceu&#8230;<\/strong><\/p>\n<p>Diante disso, o Sindicato dos Enfermeiros <a href=\"https:\/\/sindenfermeiro.com.br\/wp-content\/uploads\/2020\/03\/WhatsApp-Image-2020-03-26-at-10.47.07-convertido.pdf\">encaminhou ao chefe do Executivo um of\u00edcio\u00a0 solicitando que n\u00e3o houvesse a contrata\u00e7\u00e3o tempor\u00e1ria de enfermeiros<\/a>, mas sim a convoca\u00e7\u00e3o dos aprovados nos concursos vigentes para enfermeiro de sa\u00fade da fam\u00edlia e enfermeiro obstetra.<br \/>\n<a href=\"https:\/\/sindenfermeiro.com.br\/wp-content\/uploads\/2020\/03\/WhatsApp-Image-2020-03-26-at-10.47.07-convertido.pdf\">(Para ver o of\u00edcio clique aqui)<\/a><\/p>\n<p><strong>Propostas de combate ao Covid-19 e de seguran\u00e7a aos profissionais<\/strong><\/p>\n<p>Nesta sexta-feira (27), o SindEnfermeiro-DF protocolou um of\u00edcio em que solicitou o d\u00e9ficit de profissionais, reiterou a import\u00e2ncia da nomea\u00e7\u00f5es dos enfermeiros aprovados nos \u00faltimos concursos para enfermeiro de estrat\u00e9gia em sa\u00fade da fam\u00edlia e enfermeiro obstetra e destacou que o item tr\u00eas da <a href=\"https:\/\/sindenfermeiro.com.br\/wp-content\/uploads\/2020\/03\/SINDICATO-DOS-ENFERMEIROS-SUGESTO\u0303ES-DE-ENFRENTAMENTO-AO-COVID-19-2.pdf\">carta de defesa dos trabalhadores<\/a> \u00a0diz respeito exclusivamente a contrata\u00e7\u00e3o tempor\u00e1ria de trabalhadores para os servi\u00e7os complementares da assist\u00eancia do Distrito Federal (como IGESDF) e refor\u00e7ou que tanto os enfermeiros aprovados para a especialidade\u00a0 de Sa\u00fade da Fam\u00edlia quanto os em Obstetr\u00edcia, ambos do mesmo edital s\u00e3o generalistas em sua forma\u00e7\u00e3o e aptos para assist\u00eancia de enfermagem em qualquer servi\u00e7o e paciente.<\/p>\n<p style=\"text-align: justify\">Confira abaixo o of\u00edcio encaminhado ao governador Ibaneis Rocha:<br \/>\n<a href=\"https:\/\/sindenfermeiro.com.br\/wp-content\/uploads\/2020\/03\/OFICIO-Solicitac\u0327a\u0303o-de-de\u0301fcit-enfermeiros.-Retificac\u0327a\u0303o-item-3-carta-COVID.docx-2-1.docx\"><strong>Of\u00edcio encaminhado ao\u00a0<\/strong><b>governador<\/b><\/a><\/p>\n","protected":false},"excerpt":{"rendered":"<p>O Sindicato dos Enfermeiros do Distrito Federal (SindEnfermeiro-DF) encaminhou nesta sexta-feira (27), um of\u00edcio ao Governo do Distrito Federal em que reitera o pedido para nomea\u00e7\u00e3o de enfermeiros e solicitando o dimensionamento na Secretaria de Sa\u00fade (SES-DF), assim como o \u00edndice de absente\u00edsmo. No dia 16 de mar\u00e7o, em resposta \u00e0 divulga\u00e7\u00e3o do decreto com [&hellip;]<\/p>\n","protected":false},"author":6,"featured_media":39247,"comment_status":"open","ping_status":"open","sticky":false,"template":"","format":"standard","meta":{"footnotes":""},"categories":[6,5],"tags":[467,465,454,7,466,282,120,464,21,22],"class_list":["post-39217","post","type-post","status-publish","format-standard","has-post-thumbnail","hentry","category-noticias","category-rede-publica","tag-concurso","tag-contratacao-de-enfermeiros","tag-covid-19","tag-enfermagem","tag-enfermagem-de-saude-da-familia","tag-enfermagem-obstetrica","tag-gdf","tag-novo-coronavirus","tag-sindenfermeiro","tag-sindicato-dos-enfermeiros"],"_links":{"self":[{"href":"https:\/\/sindenfermeiro.com.br\/index.php\/wp-json\/wp\/v2\/posts\/39217","targetHints":{"allow":["GET"]}}],"collection":[{"href":"https:\/\/sindenfermeiro.com.br\/index.php\/wp-json\/wp\/v2\/posts"}],"about":[{"href":"https:\/\/sindenfermeiro.com.br\/index.php\/wp-json\/wp\/v2\/types\/post"}],"author":[{"embeddable":true,"href":"https:\/\/sindenfermeiro.com.br\/index.php\/wp-json\/wp\/v2\/users\/6"}],"replies":[{"embeddable":true,"href":"https:\/\/sindenfermeiro.com.br\/index.php\/wp-json\/wp\/v2\/comments?post=39217"}],"version-history":[{"count":24,"href":"https:\/\/sindenfermeiro.com.br\/index.php\/wp-json\/wp\/v2\/posts\/39217\/revisions"}],"predecessor-version":[{"id":39287,"href":"https:\/\/sindenfermeiro.com.br\/index.php\/wp-json\/wp\/v2\/posts\/39217\/revisions\/39287"}],"wp:featuredmedia":[{"embeddable":true,"href":"https:\/\/sindenfermeiro.com.br\/index.php\/wp-json\/wp\/v2\/media\/39247"}],"wp:attachment":[{"href":"https:\/\/sindenfermeiro.com.br\/index.php\/wp-json\/wp\/v2\/media?parent=39217"}],"wp:term":[{"taxonomy":"category","embeddable":true,"href":"https:\/\/sindenfermeiro.com.br\/index.php\/wp-json\/wp\/v2\/categories?post=39217"},{"taxonomy":"post_tag","embeddable":true,"href":"https:\/\/sindenfermeiro.com.br\/index.php\/wp-json\/wp\/v2\/tags?post=39217"}],"curies":[{"name":"wp","href":"https:\/\/api.w.org\/{rel}","templated":true}]}}