{"id":39204,"date":"2020-03-25T17:00:22","date_gmt":"2020-03-25T20:00:22","guid":{"rendered":"https:\/\/sindenfermeiro.com.br\/?p=39204"},"modified":"2026-04-26T20:34:17","modified_gmt":"2026-04-26T23:34:17","slug":"nota-de-repudio-sobre-as-declaracoes-do-presidente-da-republica-a-respeito-o-combate-ao-novo-voronavirus","status":"publish","type":"post","link":"https:\/\/sindenfermeiro.com.br\/index.php\/2020\/03\/25\/nota-de-repudio-sobre-as-declaracoes-do-presidente-da-republica-a-respeito-o-combate-ao-novo-voronavirus\/","title":{"rendered":"NOTA DE REP\u00daDIO \u00c0S DECLARA\u00c7\u00d5ES DO PRESIDENTE DA REP\u00daBLICA SOBRE O COMBATE AO NOVO CORONAV\u00cdRUS"},"content":{"rendered":"<p style=\"text-align: justify\">O Sindicato dos Enfermeiros do Distrito Federal repudia o pronunciamento do Presidente da Rep\u00fablica, Sr. Jair Bolsonaro, realizado na ter\u00e7a-feira, dia 24\/03, em cadeia nacional de r\u00e1dio e TV, sobre as a\u00e7\u00f5es de combate \u00e0 transmiss\u00e3o do novo coronav\u00edrus no Brasil, pois desestimulam as medidas de controle que est\u00e3o sendo adotadas com muito esfor\u00e7o pela popula\u00e7\u00e3o, pelas autoridades municipais e estaduais, e pelos profissionais do SUS.<\/p>\n<p style=\"text-align: justify\">Em mais uma manifesta\u00e7\u00e3o, o Presidente da Rep\u00fablica debocha das consequ\u00eancias da pandemia e desconsidera todas as recomenda\u00e7\u00f5es e diretrizes sobre a import\u00e2ncia do isolamento social ao combate do novo coronav\u00edrus. O pronunciamento contraria at\u00e9 mesmo as recomenda\u00e7\u00f5es do pr\u00f3prio Minist\u00e9rio da Sa\u00fade, da Organiza\u00e7\u00e3o Mundial da Sa\u00fade (OMS) e da comunidade cient\u00edfica mundial que aconselham a popula\u00e7\u00e3o a evitar aglomera\u00e7\u00f5es e os deslocamentos para o trabalho em transportes p\u00fablicos.<\/p>\n<p style=\"text-align: justify\">Todas as evid\u00eancias contidas em artigos cient\u00edficos e nas experi\u00eancias vividas pelos pa\u00edses que enfrentaram a pandemia, apontam para o isolamento social como a principal ferramenta de combate \u00e0 transmiss\u00e3o do novo coronav\u00edrus. J\u00e1 s\u00e3o mais de 50 pa\u00edses e de 2,5 bilh\u00f5es de pessoas no mundo cumprindo essa medida t\u00e3o importante para a sa\u00fade da popula\u00e7\u00e3o mundial, e no Brasil n\u00e3o pode ser diferente.<\/p>\n<p style=\"text-align: justify\">As manifesta\u00e7\u00f5es do Presidente colocam em risco a vida de milhares de pessoas no Brasil e deixa milhares de profissionais da sa\u00fade vulner\u00e1veis, pois a exposi\u00e7\u00e3o da popula\u00e7\u00e3o ao v\u00edrus aumenta significativamente o n\u00famero de pessoas doentes, o que pode sobrecarregar ainda mais o sistema de sa\u00fade. E para especialistas, uma das medidas necess\u00e1rias de combate \u00e0 pandemia \u00e9 a prote\u00e7\u00e3o e a seguran\u00e7a dos profissionais de sa\u00fade, pois a assist\u00eancia \u00e0 sa\u00fade daqueles que est\u00e3o doentes \u00e9 realizada por estes profissionais.<\/p>\n<p style=\"text-align: justify\">Hoje, no Brasil, s\u00e3o mais de 2,3 milh\u00f5es de profissionais de Enfermagem, que enfrentam p\u00e9ssimas condi\u00e7\u00f5es de trabalho e a falta de equipamentos b\u00e1sicos de prote\u00e7\u00e3o, como m\u00e1scaras, luvas e aventais. Por isso, em respeito \u00e0 vida da maioria da popula\u00e7\u00e3o e pensando na seguran\u00e7a dos milhares trabalhadores da sa\u00fade que superam o medo para salvar vidas, o SindEnfermeiro repudia, veementemente, as declara\u00e7\u00f5es do Presidente Jair Bolsonaro, e ressalta a import\u00e2ncia de a popula\u00e7\u00e3o seguir as recomenda\u00e7\u00f5es da comunidade cient\u00edfica mundial de isolamento social.<\/p>\n","protected":false},"excerpt":{"rendered":"<p>O Sindicato dos Enfermeiros do Distrito Federal repudia o pronunciamento do Presidente da Rep\u00fablica, Sr. Jair Bolsonaro, realizado na ter\u00e7a-feira, dia 24\/03, em cadeia nacional de r\u00e1dio e TV, sobre as a\u00e7\u00f5es de combate \u00e0 transmiss\u00e3o do novo coronav\u00edrus no Brasil, pois desestimulam as medidas de controle que est\u00e3o sendo adotadas com muito esfor\u00e7o pela [&hellip;]<\/p>\n","protected":false},"author":6,"featured_media":39205,"comment_status":"open","ping_status":"open","sticky":false,"template":"","format":"standard","meta":{"footnotes":""},"categories":[6,13,5],"tags":[463,7,461,251,464,462,460],"class_list":["post-39204","post","type-post","status-publish","format-standard","has-post-thumbnail","hentry","category-noticias","category-rede-privada","category-rede-publica","tag-covid-10","tag-enfermagem","tag-jair-bolsonaro","tag-nota-de-repudio","tag-novo-coronavirus","tag-pronunciamento","tag-repudio"],"_links":{"self":[{"href":"https:\/\/sindenfermeiro.com.br\/index.php\/wp-json\/wp\/v2\/posts\/39204","targetHints":{"allow":["GET"]}}],"collection":[{"href":"https:\/\/sindenfermeiro.com.br\/index.php\/wp-json\/wp\/v2\/posts"}],"about":[{"href":"https:\/\/sindenfermeiro.com.br\/index.php\/wp-json\/wp\/v2\/types\/post"}],"author":[{"embeddable":true,"href":"https:\/\/sindenfermeiro.com.br\/index.php\/wp-json\/wp\/v2\/users\/6"}],"replies":[{"embeddable":true,"href":"https:\/\/sindenfermeiro.com.br\/index.php\/wp-json\/wp\/v2\/comments?post=39204"}],"version-history":[{"count":11,"href":"https:\/\/sindenfermeiro.com.br\/index.php\/wp-json\/wp\/v2\/posts\/39204\/revisions"}],"predecessor-version":[{"id":39216,"href":"https:\/\/sindenfermeiro.com.br\/index.php\/wp-json\/wp\/v2\/posts\/39204\/revisions\/39216"}],"wp:featuredmedia":[{"embeddable":true,"href":"https:\/\/sindenfermeiro.com.br\/index.php\/wp-json\/wp\/v2\/media\/39205"}],"wp:attachment":[{"href":"https:\/\/sindenfermeiro.com.br\/index.php\/wp-json\/wp\/v2\/media?parent=39204"}],"wp:term":[{"taxonomy":"category","embeddable":true,"href":"https:\/\/sindenfermeiro.com.br\/index.php\/wp-json\/wp\/v2\/categories?post=39204"},{"taxonomy":"post_tag","embeddable":true,"href":"https:\/\/sindenfermeiro.com.br\/index.php\/wp-json\/wp\/v2\/tags?post=39204"}],"curies":[{"name":"wp","href":"https:\/\/api.w.org\/{rel}","templated":true}]}}