{"id":39185,"date":"2020-03-24T17:03:03","date_gmt":"2020-03-24T20:03:03","guid":{"rendered":"https:\/\/sindenfermeiro.com.br\/?p=39185"},"modified":"2026-04-26T20:34:15","modified_gmt":"2026-04-26T23:34:15","slug":"sindenfermeiro-cria-sugestoes-para-o-enfrentamento-ao-covid-19","status":"publish","type":"post","link":"https:\/\/sindenfermeiro.com.br\/index.php\/2020\/03\/24\/sindenfermeiro-cria-sugestoes-para-o-enfrentamento-ao-covid-19\/","title":{"rendered":"SindEnfermeiro cria sugest\u00f5es para o enfrentamento a Covid-19"},"content":{"rendered":"<p style=\"text-align: justify\">O SindEnfermeiro-DF, ap\u00f3s in\u00fameras visitas aos hospitais p\u00fablicos e privados do Distrito Federal e, consultando diversos profissionais enfermeiros, produziu um documento oficial com sugest\u00f5es de v\u00e1rias a\u00e7\u00f5es para o enfrentamento da pandemia do novo coronav\u00edrus (Covid-19), visando a formula\u00e7\u00e3o de pol\u00edticas de sa\u00fade e fornecimento de melhores condi\u00e7\u00f5es de trabalho aos profissionais de sa\u00fade para que desempenhem as suas atribui\u00e7\u00f5es com seguran\u00e7a para si pr\u00f3prio e para a popula\u00e7\u00e3o usu\u00e1ria.<\/p>\n<p style=\"text-align: justify\"><strong>S\u00e3o elas:<\/strong><\/p>\n<p>&#8211; Nomear m\u00e9dicos e enfermeiros aprovados no \u00faltimo concurso para a Estrat\u00e9gia Sa\u00fade da Fam\u00edlia do Distrito Federal, com o objetivo de ampliar a \u00e1rea de cobertura, aumentar o n\u00famero de salas de acolhimento, melhorando o acesso para fortalecer as a\u00e7\u00f5es de preven\u00e7\u00e3o e combate ao novo coronav\u00edrus, uma vez que todo enfermeiro de Sa\u00fade da Fam\u00edlia \u00e9 generalista e pode ir para a assist\u00eancia em qualquer lota\u00e7\u00e3o;<\/p>\n<p>-Nomear mais enfermeiros aprovados no concurso vigente de Enfermeiro Obstetra, com o objetivo de aumentar a for\u00e7a de trabalho dispon\u00edvel para atendimento a pessoas contaminadas pelo novo coronav\u00edrus, considerando que o Enfermeiro Obstetra \u00e9 tamb\u00e9m generalista na sua forma\u00e7\u00e3o acad\u00eamica.<\/p>\n<p>-Realizar contrato tempor\u00e1rio emergencial\u00a0 de Enfermeiros, T\u00e9cnicos de Enfermagem e M\u00e9dicos, e outros profissionais da sa\u00fade para atuar especificamente em servi\u00e7os complementares \u00e0 exemplo do IGESDF durante o per\u00edodo de crise, melhorando a assist\u00eancia em \u00e1reas cr\u00edticas.<\/p>\n<p>-Treinar TODOS os profissionais, priorizando inicialmente os que atuam e os que atuar\u00e3o na aten\u00e7\u00e3o prim\u00e1ria em sa\u00fade, em prontos socorros, unidades de pronto atendimento, unidades de terapia intensiva e outros, sobre o fluxo de notifica\u00e7\u00e3o e atendimento aos casos suspeitos e confirmados de novo coronav\u00edrus;<\/p>\n<p>&#8211; Garantir Equipamentos de Prote\u00e7\u00e3o Individual (EPI), fornecendo a quantidade necess\u00e1ria para prote\u00e7\u00e3o dos profissionais da sa\u00fade de acordo com protocolos t\u00e9cnicos estabelecidos pelas autoridades sanit\u00e1rias;<\/p>\n<p>-Garantir EPI, fornecendo a quantidade necess\u00e1ria para prote\u00e7\u00e3o dos empregados terceirizados que prestam servi\u00e7os de limpeza, manuten\u00e7\u00e3o e seguran\u00e7a dentro nas Unidades de Terapia Intensiva (UTI) e demais locais que estejam prestando cuidados direto aos pacientes suspeitos ou com diagnostico fechado para infec\u00e7\u00e3o pelo corona v\u00edrus;<\/p>\n<p>-Criar procedimento para dispensa de licita\u00e7\u00e3o para aquisi\u00e7\u00e3o de bens, produtos, servi\u00e7os e insumos de sa\u00fade e limpeza destinados ao enfrentamento do COVID-19, nos termos do art. 4\u00ba da Lei Federal n\u00ba 13.979, de 2020.<\/p>\n<p>-Investir em material audiovisual em todos os estabelecimentos de sa\u00fade, sobre indica\u00e7\u00e3o e o uso correto dos EPIs assim como lavagem das m\u00e3os;<\/p>\n<p>-Estabelecer protocolos e garantir o fluxo di\u00e1rio de aumento do n\u00famero de higieniza\u00e7\u00e3o e limpeza nas unidades de sa\u00fade;<\/p>\n<p>-Garantir, para profissionais de sa\u00fade e usu\u00e1rios, a amplia\u00e7\u00e3o dos pontos para higieniza\u00e7\u00e3o das m\u00e3os e o n\u00famero de dispensadores de solu\u00e7\u00e3o alco\u00f3lica para assepsia, assim como lixeiras com pedal;<\/p>\n<p>-Estabelecer fluxo de atendimento para os servidores que apresentarem sintomas respirat\u00f3rios, sugestivo de COVID-19, bem como, organizar atendimento destes em seus locais de trabalho e de forma priorit\u00e1ria, evitando assim circula\u00e7\u00e3o de profissionais sintom\u00e1ticos entre os estabelecimentos e setores;<\/p>\n<p>-Estabelecer e divulgar fluxo de atendimento \u00e0 popula\u00e7\u00e3o nas unidades de sa\u00fade, designando, prioritariamente, o atendimento de pacientes sintom\u00e1ticos respirat\u00f3rios em \u00e1reas sinalizadas e ventiladas com salas de apoio para paramenta\u00e7\u00e3o e para o descarte dos EPIs utilizados;<\/p>\n<p>-Garantir a prote\u00e7\u00e3o dos profissionais que tenham mais de 60 anos, gestantes e outros grupos de risco, designando-os para trabalho remoto ou para \u00e1reas de menor exposi\u00e7\u00e3o, como servi\u00e7os administrativos, de regula\u00e7\u00e3o ou monitoramento;<\/p>\n<p>-Investir na \u00e1rea de ci\u00eancia e tecnologia, em parceria com a Universidade de Bras\u00edlia (UnB), para produ\u00e7\u00e3o de mais testes para o COVID-19;<\/p>\n<p>-Investir na identifica\u00e7\u00e3o de pessoas suspeitas ou contaminadas, colocando como meta o isolamento 80% (oitenta por cento) dos casos.<\/p>\n<p>-Investir em comunica\u00e7\u00e3o de massa (TV, r\u00e1dio e m\u00eddias sociais) para educar a popula\u00e7\u00e3o sobre a import\u00e2ncia das medidas de preven\u00e7\u00e3o ao COVID-19 e ao correto fluxo na busca do atendimento, que s\u00f3 dever\u00e1 ocorrer em caso de urg\u00eancia;<\/p>\n<p>-Contratar agentes comunit\u00e1rios de sa\u00fade para rastreamento e monitoramento de pessoas suspeitas e contaminadas pelo COVID-19 nos territ\u00f3rios, e para o fortalecimento de a\u00e7\u00f5es de combate \u00e0 dengue.<\/p>\n<p>-Fortalecer as a\u00e7\u00f5es de sa\u00fade do trabalhador com o objetivo de evitar o adoecimento dos profissionais que prestam assist\u00eancia aos pacientes contaminados com o COVID-19, jornada de trabalho reduzida \u2013 08 ou 10 horas -, bem como atendimento psicol\u00f3gico;<\/p>\n<p>-Utilizar, em situa\u00e7\u00e3o emergencial, os leitos dos hospitais p\u00fablicos da administra\u00e7\u00e3o indireta, hospitais privados e o Hospital das For\u00e7as Armadas (HFA), para interna\u00e7\u00e3o de pacientes graves contaminados pelo corona v\u00edrus;<\/p>\n<p>-Designar a cria\u00e7\u00e3o de uma Comiss\u00e3o Especial, composta pela Ordem dos Advogados do Brasil (OAB), Minist\u00e9rio P\u00fablico do Distrito Federal, Minist\u00e9rio P\u00fablico do Trabalho, Conselhos Profissionais e Entidade Sindicais, para acompanhar e somar esfor\u00e7os nas a\u00e7\u00f5es de combate ao coronav\u00edrus no \u00e2mbito do Distrito Federal;<\/p>\n<p>-Informar, atrav\u00e9s de reuni\u00f5es e relat\u00f3rios peri\u00f3dicos,\u00e0 Comiss\u00e3o Especial, assim como aos gestores, servidores, m\u00eddia e popula\u00e7\u00e3o, os fluxos de atendimento, assim como as portas de entrada dos servi\u00e7os, refer\u00eancia e contrarefer\u00eancia em cada regi\u00e3o de sa\u00fade, bem como a amplia\u00e7\u00e3o de leitos de interna\u00e7\u00e3o e abertura de novos servi\u00e7os de sa\u00fade;<\/p>\n<p>-Requerer junto \u00e0 C\u00e2mara Legislativa do Distrito Federal, C\u00e2mara Federal e Senado Federal, a destina\u00e7\u00e3o de emendas parlamentares para TODAS as a\u00e7\u00f5es de combate ao COVID -19.<\/p>\n<p>O SindEnfermeiro enfatiza que os itens 1 e 3 tiveram um esclarecimento maior, onde o item 1 diz respeito \u00e0 forma\u00e7\u00e3o dos enfermeiros de Sa\u00fade da Fam\u00edlia e sua atua\u00e7\u00e3o em qualquer lota\u00e7\u00e3o, uma vez que possuem forma\u00e7\u00e3o generealista; e o item 3 diz respeito \u00e0 contrata\u00e7\u00e3o tempor\u00e1ria emergencial\u00a0 de Enfermeiros para atuar especificamente em servi\u00e7os complementares \u00e0 exemplo do IGESDF.<\/p>\n","protected":false},"excerpt":{"rendered":"<p>O SindEnfermeiro-DF, ap\u00f3s in\u00fameras visitas aos hospitais p\u00fablicos e privados do Distrito Federal e, consultando diversos profissionais enfermeiros, produziu um documento oficial com sugest\u00f5es de v\u00e1rias a\u00e7\u00f5es para o enfrentamento da pandemia do novo coronav\u00edrus (Covid-19), visando a formula\u00e7\u00e3o de pol\u00edticas de sa\u00fade e fornecimento de melhores condi\u00e7\u00f5es de trabalho aos profissionais de sa\u00fade para [&hellip;]<\/p>\n","protected":false},"author":6,"featured_media":39186,"comment_status":"open","ping_status":"open","sticky":false,"template":"","format":"standard","meta":{"footnotes":""},"categories":[6,13,5],"tags":[424,391,7,21],"class_list":["post-39185","post","type-post","status-publish","format-standard","has-post-thumbnail","hentry","category-noticias","category-rede-privada","category-rede-publica","tag-coronavirus","tag-enfermage","tag-enfermagem","tag-sindenfermeiro"],"_links":{"self":[{"href":"https:\/\/sindenfermeiro.com.br\/index.php\/wp-json\/wp\/v2\/posts\/39185","targetHints":{"allow":["GET"]}}],"collection":[{"href":"https:\/\/sindenfermeiro.com.br\/index.php\/wp-json\/wp\/v2\/posts"}],"about":[{"href":"https:\/\/sindenfermeiro.com.br\/index.php\/wp-json\/wp\/v2\/types\/post"}],"author":[{"embeddable":true,"href":"https:\/\/sindenfermeiro.com.br\/index.php\/wp-json\/wp\/v2\/users\/6"}],"replies":[{"embeddable":true,"href":"https:\/\/sindenfermeiro.com.br\/index.php\/wp-json\/wp\/v2\/comments?post=39185"}],"version-history":[{"count":23,"href":"https:\/\/sindenfermeiro.com.br\/index.php\/wp-json\/wp\/v2\/posts\/39185\/revisions"}],"predecessor-version":[{"id":39344,"href":"https:\/\/sindenfermeiro.com.br\/index.php\/wp-json\/wp\/v2\/posts\/39185\/revisions\/39344"}],"wp:featuredmedia":[{"embeddable":true,"href":"https:\/\/sindenfermeiro.com.br\/index.php\/wp-json\/wp\/v2\/media\/39186"}],"wp:attachment":[{"href":"https:\/\/sindenfermeiro.com.br\/index.php\/wp-json\/wp\/v2\/media?parent=39185"}],"wp:term":[{"taxonomy":"category","embeddable":true,"href":"https:\/\/sindenfermeiro.com.br\/index.php\/wp-json\/wp\/v2\/categories?post=39185"},{"taxonomy":"post_tag","embeddable":true,"href":"https:\/\/sindenfermeiro.com.br\/index.php\/wp-json\/wp\/v2\/tags?post=39185"}],"curies":[{"name":"wp","href":"https:\/\/api.w.org\/{rel}","templated":true}]}}