{"id":39132,"date":"2020-03-19T11:51:16","date_gmt":"2020-03-19T14:51:16","guid":{"rendered":"https:\/\/sindenfermeiro.com.br\/?p=39132"},"modified":"2026-04-27T03:38:48","modified_gmt":"2026-04-27T06:38:48","slug":"sindenfermeiro-df-comunicado-nomeacao-de-enfermeiros-ses-df","status":"publish","type":"post","link":"https:\/\/sindenfermeiro.com.br\/index.php\/2020\/03\/19\/sindenfermeiro-df-comunicado-nomeacao-de-enfermeiros-ses-df\/","title":{"rendered":"SindEnfermeiro-DF &#8211; Comunicado\/Nomea\u00e7\u00e3o de Enfermeiros &#8211; SES\/DF"},"content":{"rendered":"<p><img loading=\"lazy\" decoding=\"async\" class=\"aligncenter wp-image-39137 \" src=\"https:\/\/sindenfermeiro.com.br\/wp-content\/uploads\/2020\/03\/proud-nurse-1024x683.jpg\" alt=\"\" width=\"740\" height=\"479\" \/><\/p>\n<p>O Sindicato dos Enfermeiros do Distrito Federal (SindEnfermeiro-DF) vem, por meio desta publica\u00e7\u00e3o, parabenizar os 50 enfermeiros convocados para a Secretaria de Sa\u00fade (SES-DF), conforme publicado na edi\u00e7\u00e3o extra do Di\u00e1rio Oficial do DF (DODF), de 18 de mar\u00e7o de 2020.<\/p>\n<p>Sabemos que as circunst\u00e2ncias n\u00e3o s\u00e3o as mais favor\u00e1veis no momento, tendo em vista a urg\u00eancia dessas nomea\u00e7\u00f5es que em muito se devem \u00e0 pandemia do Covid-19. No entanto, o SindEnfermeiro deseja boa sorte a todos os profissionais que agora far\u00e3o parte dos quadros da SES, al\u00e9m dos votos de sucesso e muitos anos de servi\u00e7os de qualidade prestados \u00e0 popula\u00e7\u00e3o do DF. E finalmente, vale ressaltar que o SindEnfermeiro continua trabalhando junto \u00e0 SES para que mais nomea\u00e7\u00f5es possam ser realizadas em breve, reduzindo assim a sobrecarga de profissionais e otimizando os atendimentos \u00e0 popula\u00e7\u00e3o.<\/p>\n<p>Voc\u00eas s\u00e3o fundamentais nesse momento! E ser\u00e3o fundamentais para ajudar a construir todos os dias um sistema de sa\u00fade digno e que possa atender \u00e0s necessidades de todo o Distrito Federal. Juntos, vamos vencer mais esta batalha!<\/p>\n","protected":false},"excerpt":{"rendered":"<p>O Sindicato dos Enfermeiros do Distrito Federal (SindEnfermeiro-DF) vem, por meio desta publica\u00e7\u00e3o, parabenizar os 50 enfermeiros convocados para a Secretaria de Sa\u00fade (SES-DF), conforme publicado na edi\u00e7\u00e3o extra do Di\u00e1rio Oficial do DF (DODF), de 18 de mar\u00e7o de 2020. Sabemos que as circunst\u00e2ncias n\u00e3o s\u00e3o as mais favor\u00e1veis no momento, tendo em vista [&hellip;]<\/p>\n","protected":false},"author":6,"featured_media":39137,"comment_status":"open","ping_status":"open","sticky":false,"template":"","format":"standard","meta":{"footnotes":""},"categories":[6,5],"tags":[455,424,454,236,81,21],"class_list":["post-39132","post","type-post","status-publish","format-standard","has-post-thumbnail","hentry","category-noticias","category-rede-publica","tag-convocacao","tag-coronavirus","tag-covid-19","tag-ses","tag-ses-df","tag-sindenfermeiro"],"_links":{"self":[{"href":"https:\/\/sindenfermeiro.com.br\/index.php\/wp-json\/wp\/v2\/posts\/39132","targetHints":{"allow":["GET"]}}],"collection":[{"href":"https:\/\/sindenfermeiro.com.br\/index.php\/wp-json\/wp\/v2\/posts"}],"about":[{"href":"https:\/\/sindenfermeiro.com.br\/index.php\/wp-json\/wp\/v2\/types\/post"}],"author":[{"embeddable":true,"href":"https:\/\/sindenfermeiro.com.br\/index.php\/wp-json\/wp\/v2\/users\/6"}],"replies":[{"embeddable":true,"href":"https:\/\/sindenfermeiro.com.br\/index.php\/wp-json\/wp\/v2\/comments?post=39132"}],"version-history":[{"count":5,"href":"https:\/\/sindenfermeiro.com.br\/index.php\/wp-json\/wp\/v2\/posts\/39132\/revisions"}],"predecessor-version":[{"id":39140,"href":"https:\/\/sindenfermeiro.com.br\/index.php\/wp-json\/wp\/v2\/posts\/39132\/revisions\/39140"}],"wp:featuredmedia":[{"embeddable":true,"href":"https:\/\/sindenfermeiro.com.br\/index.php\/wp-json\/wp\/v2\/media\/39137"}],"wp:attachment":[{"href":"https:\/\/sindenfermeiro.com.br\/index.php\/wp-json\/wp\/v2\/media?parent=39132"}],"wp:term":[{"taxonomy":"category","embeddable":true,"href":"https:\/\/sindenfermeiro.com.br\/index.php\/wp-json\/wp\/v2\/categories?post=39132"},{"taxonomy":"post_tag","embeddable":true,"href":"https:\/\/sindenfermeiro.com.br\/index.php\/wp-json\/wp\/v2\/tags?post=39132"}],"curies":[{"name":"wp","href":"https:\/\/api.w.org\/{rel}","templated":true}]}}