{"id":39098,"date":"2020-03-16T11:11:11","date_gmt":"2020-03-16T14:11:11","guid":{"rendered":"https:\/\/sindenfermeiro.com.br\/?p=39098"},"modified":"2026-04-27T01:35:16","modified_gmt":"2026-04-27T04:35:16","slug":"vitoria-para-a-enfermagem-sindenfermeiro-fara-parte-da-negociacao-do-reajuste-salarial-dos-enfermeiros-da-ses","status":"publish","type":"post","link":"https:\/\/sindenfermeiro.com.br\/index.php\/2020\/03\/16\/vitoria-para-a-enfermagem-sindenfermeiro-fara-parte-da-negociacao-do-reajuste-salarial-dos-enfermeiros-da-ses\/","title":{"rendered":"Vit\u00f3ria para a enfermagem: SindEnfermeiro far\u00e1 parte da negocia\u00e7\u00e3o do reajuste salarial dos enfermeiros da SES"},"content":{"rendered":"<p style=\"text-align: justify\">O Sindicato dos Enfermeiros do Distrito Federal (SindEnfermeiro-DF) far\u00e1 parte da comiss\u00e3o que tratar\u00e1 do reajuste salarial dos servidores do GDF. A comiss\u00e3o criada pela Portaria 61\/2020, foi publicada no Di\u00e1rio Oficial do Distrito Federal (DODF) na \u00fatima sexta-feira (13) e determina que o SindEnfermeiro-DF e outras 26 entidades fa\u00e7a parte das negocia\u00e7\u00f5es com o GDF.<\/p>\n<p style=\"text-align: justify\">A comiss\u00e3o negociar\u00e1 a revis\u00e3o salarial dos servidores, reestrutura\u00e7\u00e3o de cargos e carreias, bem como o pagamento da 3\u00aa parcela do reajuste \u2013 d\u00edvida de governos anteriores.<\/p>\n<p style=\"text-align: justify\">Os membros dessa comiss\u00e3o ter\u00e3o 90 dias para fazer um levantamento sobre a evolu\u00e7\u00e3o do quadro de pessoal nos \u00faltimos dois anos, quantitativo de servidores e impacto financeiro. J\u00e1 a proposta de revis\u00e3o salarial dever\u00e1 ser entregue por cada entidade representativa em um prazo de at\u00e9 180 dias.<\/p>\n<p style=\"text-align: justify\">Para a presidente do SindEnfermeiro, Dayse Amar\u00edlio, essa \u00e9 uma pauta muito importante n\u00e3o s\u00f3 para a enfermagem, mas para todos os servidores p\u00fablicos do DF. \u201cA cria\u00e7\u00e3o da comiss\u00e3o \u00e9 um avan\u00e7o para que n\u00f3s busquemos juntos uma maneira de efetivarmos uma quest\u00e3o que est\u00e1 gerando um passivo enorme para a secretaria, uma vez que esse \u00e9 um direito adquirido\u201d, enfatizou Dayse.<\/p>\n","protected":false},"excerpt":{"rendered":"<p>O Sindicato dos Enfermeiros do Distrito Federal (SindEnfermeiro-DF) far\u00e1 parte da comiss\u00e3o que tratar\u00e1 do reajuste salarial dos servidores do GDF. A comiss\u00e3o criada pela Portaria 61\/2020, foi publicada no Di\u00e1rio Oficial do Distrito Federal (DODF) na \u00fatima sexta-feira (13) e determina que o SindEnfermeiro-DF e outras 26 entidades fa\u00e7a parte das negocia\u00e7\u00f5es com o [&hellip;]<\/p>\n","protected":false},"author":6,"featured_media":39100,"comment_status":"open","ping_status":"open","sticky":false,"template":"","format":"standard","meta":{"footnotes":""},"categories":[6,5],"tags":[452,34,222,7,120,453,21,56,384],"class_list":["post-39098","post","type-post","status-publish","format-standard","has-post-thumbnail","hentry","category-noticias","category-rede-publica","tag-3a-parcela","tag-cldf","tag-dayse-amarilio","tag-enfermagem","tag-gdf","tag-reajuste","tag-sindenfermeiro","tag-sindicato","tag-sindicatos"],"_links":{"self":[{"href":"https:\/\/sindenfermeiro.com.br\/index.php\/wp-json\/wp\/v2\/posts\/39098","targetHints":{"allow":["GET"]}}],"collection":[{"href":"https:\/\/sindenfermeiro.com.br\/index.php\/wp-json\/wp\/v2\/posts"}],"about":[{"href":"https:\/\/sindenfermeiro.com.br\/index.php\/wp-json\/wp\/v2\/types\/post"}],"author":[{"embeddable":true,"href":"https:\/\/sindenfermeiro.com.br\/index.php\/wp-json\/wp\/v2\/users\/6"}],"replies":[{"embeddable":true,"href":"https:\/\/sindenfermeiro.com.br\/index.php\/wp-json\/wp\/v2\/comments?post=39098"}],"version-history":[{"count":4,"href":"https:\/\/sindenfermeiro.com.br\/index.php\/wp-json\/wp\/v2\/posts\/39098\/revisions"}],"predecessor-version":[{"id":39103,"href":"https:\/\/sindenfermeiro.com.br\/index.php\/wp-json\/wp\/v2\/posts\/39098\/revisions\/39103"}],"wp:featuredmedia":[{"embeddable":true,"href":"https:\/\/sindenfermeiro.com.br\/index.php\/wp-json\/wp\/v2\/media\/39100"}],"wp:attachment":[{"href":"https:\/\/sindenfermeiro.com.br\/index.php\/wp-json\/wp\/v2\/media?parent=39098"}],"wp:term":[{"taxonomy":"category","embeddable":true,"href":"https:\/\/sindenfermeiro.com.br\/index.php\/wp-json\/wp\/v2\/categories?post=39098"},{"taxonomy":"post_tag","embeddable":true,"href":"https:\/\/sindenfermeiro.com.br\/index.php\/wp-json\/wp\/v2\/tags?post=39098"}],"curies":[{"name":"wp","href":"https:\/\/api.w.org\/{rel}","templated":true}]}}